{"id":2031,"date":"2019-08-13T11:34:00","date_gmt":"2019-08-13T14:34:00","guid":{"rendered":"http:\/\/acrj2020.profissional.ws\/?p=2031"},"modified":"2020-02-29T11:37:15","modified_gmt":"2020-02-29T14:37:15","slug":"1o-festival-audiovisual-china-brasil-e-lancado-na-acrj","status":"publish","type":"post","link":"https:\/\/acrj.org.br\/index.php\/2019\/08\/13\/1o-festival-audiovisual-china-brasil-e-lancado-na-acrj\/","title":{"rendered":"1\u00ba Festival Audiovisual China-Brasil \u00e9 lan\u00e7ado na ACRJ"},"content":{"rendered":"\t\t<div data-elementor-type=\"wp-post\" data-elementor-id=\"2031\" class=\"elementor elementor-2031\" data-elementor-post-type=\"post\">\n\t\t\t\t\t\t<section class=\"elementor-section elementor-top-section elementor-element elementor-element-6eae196a elementor-section-boxed elementor-section-height-default elementor-section-height-default\" data-id=\"6eae196a\" data-element_type=\"section\" data-e-type=\"section\">\n\t\t\t\t\t\t<div class=\"elementor-container elementor-column-gap-default\">\n\t\t\t\t\t<div class=\"elementor-column elementor-col-100 elementor-top-column elementor-element elementor-element-4fc65f55\" data-id=\"4fc65f55\" data-element_type=\"column\" data-e-type=\"column\">\n\t\t\t<div class=\"elementor-widget-wrap elementor-element-populated\">\n\t\t\t\t\t\t<div class=\"elementor-element elementor-element-7501b06a elementor-widget elementor-widget-text-editor\" data-id=\"7501b06a\" data-element_type=\"widget\" data-e-type=\"widget\" data-widget_type=\"text-editor.default\">\n\t\t\t\t<div class=\"elementor-widget-container\">\n\t\t\t\t\t\t\t\t\t\n<p>Em comemora\u00e7\u00e3o ao 70\u00ba anivers\u00e1rio do estabelecimento da Rep\u00fablica Popular da China e aos 45 anos das Rela\u00e7\u00f5es Diplom\u00e1ticas Sino-Brasileiras, al\u00e9m do Dia da China, foi lan\u00e7ado nesta segunda, 12 de agosto, na Associa\u00e7\u00e3o Comercial do Rio de Janeiro, o Festival Audiovisual China-Brasil. Na solenidade, estiveram presentes o Vice-Presidente do Conselho Superior da ACRJ, Marco Polo Moreira Leite, o C\u00f4nsul-Geral da Rep\u00fablica Popular da China do&nbsp; Rio de Janeiro, Li Yang, e o Secret\u00e1rio de Estado de Cultura e Economia Criativa, Ruan Lira, entre outras personalidades chinesas e brasileiras.<\/p>\n\n\n\n<p>Para o Vice-Presidente do Conselho Superior da ACRJ, a import\u00e2ncia desse festival vai al\u00e9m do que possamos imaginar. \u201cO Brasil e a China s\u00e3o dois pa\u00edses irm\u00e3os. Este festival ser\u00e1 a oportunidade de nos conhecermos melhor\u201d disse. Marco Polo lembrou que, em 2007, \u00e9poca da visita ao Brasil do Presidente Hu Jintao, houve uma exposi\u00e7\u00e3o sobre a China no Museu dos Correios. \u201cPara se ter uma ideia do interesse dos brasileiros pela cultura chinesa, essa exposi\u00e7\u00e3o foi a mais visitada do Correios\u201d, ressaltou.<\/p>\n\n\n\n<p>O C\u00f4nsul-Geral refor\u00e7ou o interesse entre os povos e a rela\u00e7\u00e3o diplom\u00e1tica do Brasil e da China. \u201cAcredito que as obras selecionadas no festival v\u00e3o ter influ\u00eancia em termos de promover o conhecimento m\u00fatuo, o interc\u00e2mbio entre os povos e consolidar o alicerce p\u00fablico para a coopera\u00e7\u00e3o amistosa sino-brasileiras\u201d, destacou Li Yang. O Secret\u00e1rio de Estado de Cultura e Economia Criativa refor\u00e7ou a import\u00e2ncia do festival, lembrando que os setores de audiovisual e a ind\u00fastria criativa est\u00e3o entre as \u00e1reas que mais geram emprego e renda para o nosso pa\u00eds. \u201cO fluxo de investimentos tem um potencial de ser muito maior do que \u00e9 hoje, sendo parceiro das maiores ind\u00fastrias cinematogr\u00e1ficas, incluindo a ind\u00fastria chinesa, nossa prioridade em firmar acordo de coopera\u00e7\u00e3o. O festival \u00e9 um exemplo pr\u00e1tico disso\u201d, afirmou Ruan Lira.<\/p>\n\n\n\n<p>Durante o evento, foram exibidos o document\u00e1rio \u201cExpresso Futuro\u201d sobre inova\u00e7\u00f5es chinesas, como drone, carro sem motorista e tecnologias agr\u00edcolas, e o filme \u201cPara onde foi o tempo\u201d, produzido conjuntamente por diretores dos cinco pa\u00edses do BRICS (Brasil, R\u00fassia, \u00cdndia, China e \u00c1frica do Sul), e que faz uma reflex\u00e3o sobre o tema \u201ctempo\u201d.<\/p>\n\t\t\t\t\t\t\t\t<\/div>\n\t\t\t\t<\/div>\n\t\t\t\t\t<\/div>\n\t\t<\/div>\n\t\t\t\t\t<\/div>\n\t\t<\/section>\n\t\t\t\t<section class=\"elementor-section elementor-top-section elementor-element elementor-element-e8e1f78 elementor-section-boxed elementor-section-height-default elementor-section-height-default\" data-id=\"e8e1f78\" data-element_type=\"section\" data-e-type=\"section\">\n\t\t\t\t\t\t<div class=\"elementor-container elementor-column-gap-default\">\n\t\t\t\t\t<div class=\"elementor-column elementor-col-100 elementor-top-column elementor-element elementor-element-e811bd2\" data-id=\"e811bd2\" data-element_type=\"column\" data-e-type=\"column\">\n\t\t\t<div class=\"elementor-widget-wrap elementor-element-populated\">\n\t\t\t\t\t\t<div class=\"elementor-element elementor-element-30cf546 elementor-widget elementor-widget-gallery\" data-id=\"30cf546\" data-element_type=\"widget\" data-e-type=\"widget\" data-settings=\"{&quot;columns&quot;:3,&quot;lazyload&quot;:&quot;yes&quot;,&quot;gallery_layout&quot;:&quot;grid&quot;,&quot;columns_tablet&quot;:2,&quot;columns_mobile&quot;:1,&quot;gap&quot;:{&quot;unit&quot;:&quot;px&quot;,&quot;size&quot;:10,&quot;sizes&quot;:[]},&quot;gap_tablet&quot;:{&quot;unit&quot;:&quot;px&quot;,&quot;size&quot;:10,&quot;sizes&quot;:[]},&quot;gap_mobile&quot;:{&quot;unit&quot;:&quot;px&quot;,&quot;size&quot;:10,&quot;sizes&quot;:[]},&quot;link_to&quot;:&quot;file&quot;,&quot;aspect_ratio&quot;:&quot;3:2&quot;,&quot;overlay_background&quot;:&quot;yes&quot;,&quot;content_hover_animation&quot;:&quot;fade-in&quot;}\" data-widget_type=\"gallery.default\">\n\t\t\t\t<div class=\"elementor-widget-container\">\n\t\t\t\t\t\t\t<div class=\"elementor-gallery__container\">\n\t\t\t\t\t\t\t<a class=\"e-gallery-item elementor-gallery-item elementor-animated-content\" href=\"https:\/\/acrj.org.br\/wp-content\/uploads\/2020\/02\/galeria_dsc_1858.jpg\" data-elementor-open-lightbox=\"yes\" data-elementor-lightbox-slideshow=\"30cf546\" data-elementor-lightbox-title=\"galeria_dsc_1858\" data-e-action-hash=\"#elementor-action%3Aaction%3Dlightbox%26settings%3DeyJpZCI6MjAzNSwidXJsIjoiaHR0cHM6XC9cL2Fjcmoub3JnLmJyXC93cC1jb250ZW50XC91cGxvYWRzXC8yMDIwXC8wMlwvZ2FsZXJpYV9kc2NfMTg1OC5qcGciLCJzbGlkZXNob3ciOiIzMGNmNTQ2In0%3D\">\n\t\t\t\t\t<div class=\"e-gallery-image elementor-gallery-item__image\" data-thumbnail=\"https:\/\/acrj.org.br\/wp-content\/uploads\/2020\/02\/galeria_dsc_1858-300x223.jpg\" data-width=\"300\" data-height=\"223\" aria-label=\"\" role=\"img\" ><\/div>\n\t\t\t\t\t\t\t\t\t\t\t<div class=\"elementor-gallery-item__overlay\"><\/div>\n\t\t\t\t\t\t\t\t\t\t\t\t\t\t<\/a>\n\t\t\t\t\t\t\t<a class=\"e-gallery-item elementor-gallery-item elementor-animated-content\" href=\"https:\/\/acrj.org.br\/wp-content\/uploads\/2020\/02\/galeria_dsc_1852.jpg\" data-elementor-open-lightbox=\"yes\" data-elementor-lightbox-slideshow=\"30cf546\" data-elementor-lightbox-title=\"galeria_dsc_1852\" data-e-action-hash=\"#elementor-action%3Aaction%3Dlightbox%26settings%3DeyJpZCI6MjAzNCwidXJsIjoiaHR0cHM6XC9cL2Fjcmoub3JnLmJyXC93cC1jb250ZW50XC91cGxvYWRzXC8yMDIwXC8wMlwvZ2FsZXJpYV9kc2NfMTg1Mi5qcGciLCJzbGlkZXNob3ciOiIzMGNmNTQ2In0%3D\">\n\t\t\t\t\t<div class=\"e-gallery-image elementor-gallery-item__image\" data-thumbnail=\"https:\/\/acrj.org.br\/wp-content\/uploads\/2020\/02\/galeria_dsc_1852-300x223.jpg\" data-width=\"300\" data-height=\"223\" aria-label=\"\" role=\"img\" ><\/div>\n\t\t\t\t\t\t\t\t\t\t\t<div class=\"elementor-gallery-item__overlay\"><\/div>\n\t\t\t\t\t\t\t\t\t\t\t\t\t\t<\/a>\n\t\t\t\t\t\t\t<a class=\"e-gallery-item elementor-gallery-item elementor-animated-content\" href=\"https:\/\/acrj.org.br\/wp-content\/uploads\/2020\/02\/galeria_dsc_1843.jpg\" data-elementor-open-lightbox=\"yes\" data-elementor-lightbox-slideshow=\"30cf546\" data-elementor-lightbox-title=\"galeria_dsc_1843\" data-e-action-hash=\"#elementor-action%3Aaction%3Dlightbox%26settings%3DeyJpZCI6MjAzMywidXJsIjoiaHR0cHM6XC9cL2Fjcmoub3JnLmJyXC93cC1jb250ZW50XC91cGxvYWRzXC8yMDIwXC8wMlwvZ2FsZXJpYV9kc2NfMTg0My5qcGciLCJzbGlkZXNob3ciOiIzMGNmNTQ2In0%3D\">\n\t\t\t\t\t<div class=\"e-gallery-image elementor-gallery-item__image\" data-thumbnail=\"https:\/\/acrj.org.br\/wp-content\/uploads\/2020\/02\/galeria_dsc_1843-300x223.jpg\" data-width=\"300\" data-height=\"223\" aria-label=\"\" role=\"img\" ><\/div>\n\t\t\t\t\t\t\t\t\t\t\t<div class=\"elementor-gallery-item__overlay\"><\/div>\n\t\t\t\t\t\t\t\t\t\t\t\t\t\t<\/a>\n\t\t\t\t\t<\/div>\n\t\t\t\t\t<\/div>\n\t\t\t\t<\/div>\n\t\t\t\t\t<\/div>\n\t\t<\/div>\n\t\t\t\t\t<\/div>\n\t\t<\/section>\n\t\t\t\t<\/div>\n\t\t","protected":false},"excerpt":{"rendered":"<p>Em comemora\u00e7\u00e3o ao 70\u00ba anivers\u00e1rio do estabelecimento da Rep\u00fablica Popular da China e aos 45 anos das Rela\u00e7\u00f5es Diplom\u00e1ticas Sino-Brasileiras, al\u00e9m do Dia da China,&hellip;<\/p>\n","protected":false},"author":1,"featured_media":2032,"comment_status":"closed","ping_status":"open","sticky":false,"template":"","format":"standard","meta":{"_exactmetrics_skip_tracking":false,"_exactmetrics_sitenote_active":false,"_exactmetrics_sitenote_note":"","_exactmetrics_sitenote_category":0,"footnotes":""},"categories":[10],"tags":[],"class_list":["post-2031","post","type-post","status-publish","format-standard","has-post-thumbnail","hentry","category-noticias"],"_links":{"self":[{"href":"https:\/\/acrj.org.br\/index.php\/wp-json\/wp\/v2\/posts\/2031","targetHints":{"allow":["GET"]}}],"collection":[{"href":"https:\/\/acrj.org.br\/index.php\/wp-json\/wp\/v2\/posts"}],"about":[{"href":"https:\/\/acrj.org.br\/index.php\/wp-json\/wp\/v2\/types\/post"}],"author":[{"embeddable":true,"href":"https:\/\/acrj.org.br\/index.php\/wp-json\/wp\/v2\/users\/1"}],"replies":[{"embeddable":true,"href":"https:\/\/acrj.org.br\/index.php\/wp-json\/wp\/v2\/comments?post=2031"}],"version-history":[{"count":0,"href":"https:\/\/acrj.org.br\/index.php\/wp-json\/wp\/v2\/posts\/2031\/revisions"}],"wp:featuredmedia":[{"embeddable":true,"href":"https:\/\/acrj.org.br\/index.php\/wp-json\/wp\/v2\/media\/2032"}],"wp:attachment":[{"href":"https:\/\/acrj.org.br\/index.php\/wp-json\/wp\/v2\/media?parent=2031"}],"wp:term":[{"taxonomy":"category","embeddable":true,"href":"https:\/\/acrj.org.br\/index.php\/wp-json\/wp\/v2\/categories?post=2031"},{"taxonomy":"post_tag","embeddable":true,"href":"https:\/\/acrj.org.br\/index.php\/wp-json\/wp\/v2\/tags?post=2031"}],"curies":[{"name":"wp","href":"https:\/\/api.w.org\/{rel}","templated":true}]}}