{"id":2019,"date":"2019-08-16T11:26:00","date_gmt":"2019-08-16T14:26:00","guid":{"rendered":"http:\/\/acrj2020.profissional.ws\/?p=2019"},"modified":"2020-02-29T11:28:03","modified_gmt":"2020-02-29T14:28:03","slug":"conselho-empresarial-de-politicas-economicas-da-acrj-aprova-realizacao-de-seminario-sobre-reforma-tributaria","status":"publish","type":"post","link":"https:\/\/acrj.org.br\/index.php\/2019\/08\/16\/conselho-empresarial-de-politicas-economicas-da-acrj-aprova-realizacao-de-seminario-sobre-reforma-tributaria\/","title":{"rendered":"Conselho Empresarial de Pol\u00edticas Econ\u00f4micas da ACRJ aprova realiza\u00e7\u00e3o de Semin\u00e1rio sobre reforma Tribut\u00e1ria"},"content":{"rendered":"\n<p>Os membros do Conselho Empresarial de Pol\u00edticas Econ\u00f4micas da Associa\u00e7\u00e3o Comercial do Rio de Janeiro se reuniram nesta quinta, 15 de agosto, e aprovaram a realiza\u00e7\u00e3o de um Semin\u00e1rio sobre a Reforma Tribut\u00e1ria. A confer\u00eancia sobre o tema ainda ser\u00e1 formatada para que atenda a todos os segmentos do empresariado e da sociedade. \u201c\u00c9 importante o debate sobre a Reforma Tribut\u00e1ria. \u00c9 crucial e o assunto n\u00e3o est\u00e1 sendo suficientemente comentado\u201d, explicou o Presidente do Conselho e Grande Benem\u00e9rito da ACRJ, Embaixador Marc\u00edlio Marques Moreira.<\/p>\n\n\n\n<p>Os 17 Conselheiros presentes ao encontro trataram de diversos temas, que envolvem a pol\u00edtica econ\u00f4mica brasileira e internacional, entre eles o \u00faltimo documento sobre o alto volume de Investimento Estrangeiro Direto recebido pelo Brasil em 2018 e nos primeiros meses de 2019 e o crescimento de investimentos em m\u00e1quinas e equipamentos registrado pelo IPEA. De acordo com a Comiss\u00e3o Econ\u00f4mica para a Am\u00e9rica Latina e o Caribe (Cepal), o aumento do IED foi de 13,2% em 2018, se comparado com 2017, enquanto todo o mundo registrou uma queda de 13%. No Brasil, os investimentos foram de US$ 88,3 bilh\u00f5es de d\u00f3lares, em 2018 equivalente a 48% do total regional.&nbsp;<\/p>\n\n\n\n<p>Os Conselheiros tamb\u00e9m comentaram a aprova\u00e7\u00e3o da Medida Provis\u00f3ria da Liberdade Econ\u00f4mica, o cen\u00e1rio no Oriente M\u00e9dio, Brexit, Reforma da Previd\u00eancia, desempenho da Petrobras, conjuntura da economia brasileira, a crise na Europa e a guerra comercial entre Estados Unidos e China. \u201cOs mercados indicam para uma recess\u00e3o mundial daqui a uns dois anos. Temos que estar preparados para enfrent\u00e1-la, embora seja dif\u00edcil avaliar sua gravidade e o seu impacto sobre o Brasil\u201d, analisou o Embaixador Marc\u00edlio Marques Moreira. Foi lembrado ainda que um dos indicadores que apontam para a probabilidade de recess\u00e3o mundial \u00e9 a queda de 0,1% do PIB da Alemanh, no 2\u00ba trimestre, a guerra comercial entre EUA e China e tamb\u00e9m o Brexit, al\u00e9m da radical invers\u00e3o da curva dos juros (yield) nos Treasuries de 2 a 10 anos, respectivamente.&nbsp;<\/p>\n\n\n\n<p>O Conselheiro Fernando Cariola Travassos, que vai atuar na Universidade de Columbia, por um ano, nos EUA, prop\u00f4s ser um elo entre o CE Empresarial de Pol\u00edticas Econ\u00f4micas e pesquisadores que realizam atividades na institui\u00e7\u00e3o americana, de forma a internacionalizar o Conselho da ACRJ, enviando-nos trabalhos sobre a atualidade da conjuntura econ\u00f4mica e pol\u00edtica, assim como convidando especialistas de escol que possam discutir temas importantes para o Brasil e o mundo, com o endosso do Conselho a da ACRJ.<\/p>\n","protected":false},"excerpt":{"rendered":"<p>Os membros do Conselho Empresarial de Pol\u00edticas Econ\u00f4micas da Associa\u00e7\u00e3o Comercial do Rio de Janeiro se reuniram nesta quinta, 15 de agosto, e aprovaram a&hellip;<\/p>\n","protected":false},"author":1,"featured_media":2020,"comment_status":"closed","ping_status":"open","sticky":false,"template":"","format":"standard","meta":{"_exactmetrics_skip_tracking":false,"_exactmetrics_sitenote_active":false,"_exactmetrics_sitenote_note":"","_exactmetrics_sitenote_category":0,"footnotes":""},"categories":[10],"tags":[],"class_list":["post-2019","post","type-post","status-publish","format-standard","has-post-thumbnail","hentry","category-noticias"],"_links":{"self":[{"href":"https:\/\/acrj.org.br\/index.php\/wp-json\/wp\/v2\/posts\/2019","targetHints":{"allow":["GET"]}}],"collection":[{"href":"https:\/\/acrj.org.br\/index.php\/wp-json\/wp\/v2\/posts"}],"about":[{"href":"https:\/\/acrj.org.br\/index.php\/wp-json\/wp\/v2\/types\/post"}],"author":[{"embeddable":true,"href":"https:\/\/acrj.org.br\/index.php\/wp-json\/wp\/v2\/users\/1"}],"replies":[{"embeddable":true,"href":"https:\/\/acrj.org.br\/index.php\/wp-json\/wp\/v2\/comments?post=2019"}],"version-history":[{"count":0,"href":"https:\/\/acrj.org.br\/index.php\/wp-json\/wp\/v2\/posts\/2019\/revisions"}],"wp:featuredmedia":[{"embeddable":true,"href":"https:\/\/acrj.org.br\/index.php\/wp-json\/wp\/v2\/media\/2020"}],"wp:attachment":[{"href":"https:\/\/acrj.org.br\/index.php\/wp-json\/wp\/v2\/media?parent=2019"}],"wp:term":[{"taxonomy":"category","embeddable":true,"href":"https:\/\/acrj.org.br\/index.php\/wp-json\/wp\/v2\/categories?post=2019"},{"taxonomy":"post_tag","embeddable":true,"href":"https:\/\/acrj.org.br\/index.php\/wp-json\/wp\/v2\/tags?post=2019"}],"curies":[{"name":"wp","href":"https:\/\/api.w.org\/{rel}","templated":true}]}}