{"id":2008,"date":"2019-08-22T11:16:00","date_gmt":"2019-08-22T14:16:00","guid":{"rendered":"http:\/\/acrj2020.profissional.ws\/?p=2008"},"modified":"2020-02-29T11:17:52","modified_gmt":"2020-02-29T14:17:52","slug":"secretaria-municipal-de-meio-ambiente-anuncia-projetos-em-palestra-na-acrj","status":"publish","type":"post","link":"https:\/\/acrj.org.br\/index.php\/2019\/08\/22\/secretaria-municipal-de-meio-ambiente-anuncia-projetos-em-palestra-na-acrj\/","title":{"rendered":"Secretaria Municipal de Meio Ambiente anuncia projetos em palestra na ACRJ"},"content":{"rendered":"\n<p>O Conselho Empresarial de Meio Ambiente e Desenvolvimento Urbano da Associa\u00e7\u00e3o Comercial do Rio de Janeiro recebeu nesta quarta, 21 de agosto, o secret\u00e1rio Municipal de Meio Ambiente, Marcelo Queiroz. Durante a palestra para os empres\u00e1rios sobre \u201cPerspectivas e Desafios na \u00c1rea Ambiental da Cidade do Rio de Janeiro\u201d, Queiroz anunciou que h\u00e1 um projeto para informatiza\u00e7\u00e3o da Secretaria, por meio da implanta\u00e7\u00e3o do SEI (Sistema Eletr\u00f4nico de Informa\u00e7\u00f5es) do Governo Federal, o que vai agilizar o licenciamento ambiental.<\/p>\n\n\n\n<p>O secret\u00e1rio anunciou tamb\u00e9m que ser\u00e1 lan\u00e7ado dentro de tr\u00eas semanas um projeto para a Lagoa Rodrigo de Freitas, com amplia\u00e7\u00e3o das unidades de conserva\u00e7\u00e3o do entorno, paisagismo e conserto de decks e ciclovia, entre outras melhorias. Outro programa da Secretaria apresentado na palestra foi o Universidade.Rio, focado no desenvolvimento sustent\u00e1vel, que vai oferecer est\u00e1gio remunerado, dependendo do curso.<\/p>\n\n\n\n<p>\u201cA intera\u00e7\u00e3o com as universidades e com os empres\u00e1rios, presentes na Associa\u00e7\u00e3o Comercial do Rio de Janeiro, \u00e9 muito importante para o munic\u00edpio\u201d, ressaltou Marcelo Queiroz. A presidente do Conselho Empresarial de Meio Ambiente e Desenvolvimento Urbano, Isaura Frega, ressaltou que a discuss\u00e3o com o secret\u00e1rio foi muito produtiva porque envolveu temas relevantes para os empres\u00e1rios e para o Rio de Janeiro, como as unidades de conserva\u00e7\u00e3o e as Parcerias P\u00fablico-Privadas. \u201cO caminho \u00e9 pensar a \u00e1rea do meio ambiente e do desenvolvimento urbano conjuntamente e \u00e9 essencial para o empresariado que o di\u00e1logo esteja aberto. Nossa inten\u00e7\u00e3o \u00e9 de trocar, debater e conversar sempre\u201d, destacou Isaura Frega.<\/p>\n\n\n\n<p>O vice-presidente de Conselhos Empresariais e Rela\u00e7\u00f5es Institucionais da ACRJ, Domingos Vargas, salientou que os CEs e a ACRJ t\u00eam por desejo e por miss\u00e3o promover e dar todo apoio institucional que precisarem.<\/p>\n","protected":false},"excerpt":{"rendered":"<p>O Conselho Empresarial de Meio Ambiente e Desenvolvimento Urbano da Associa\u00e7\u00e3o Comercial do Rio de Janeiro recebeu nesta quarta, 21 de agosto, o secret\u00e1rio Municipal&hellip;<\/p>\n","protected":false},"author":1,"featured_media":2009,"comment_status":"closed","ping_status":"open","sticky":false,"template":"","format":"standard","meta":{"_exactmetrics_skip_tracking":false,"_exactmetrics_sitenote_active":false,"_exactmetrics_sitenote_note":"","_exactmetrics_sitenote_category":0,"footnotes":""},"categories":[10],"tags":[],"class_list":["post-2008","post","type-post","status-publish","format-standard","has-post-thumbnail","hentry","category-noticias"],"_links":{"self":[{"href":"https:\/\/acrj.org.br\/index.php\/wp-json\/wp\/v2\/posts\/2008","targetHints":{"allow":["GET"]}}],"collection":[{"href":"https:\/\/acrj.org.br\/index.php\/wp-json\/wp\/v2\/posts"}],"about":[{"href":"https:\/\/acrj.org.br\/index.php\/wp-json\/wp\/v2\/types\/post"}],"author":[{"embeddable":true,"href":"https:\/\/acrj.org.br\/index.php\/wp-json\/wp\/v2\/users\/1"}],"replies":[{"embeddable":true,"href":"https:\/\/acrj.org.br\/index.php\/wp-json\/wp\/v2\/comments?post=2008"}],"version-history":[{"count":0,"href":"https:\/\/acrj.org.br\/index.php\/wp-json\/wp\/v2\/posts\/2008\/revisions"}],"wp:featuredmedia":[{"embeddable":true,"href":"https:\/\/acrj.org.br\/index.php\/wp-json\/wp\/v2\/media\/2009"}],"wp:attachment":[{"href":"https:\/\/acrj.org.br\/index.php\/wp-json\/wp\/v2\/media?parent=2008"}],"wp:term":[{"taxonomy":"category","embeddable":true,"href":"https:\/\/acrj.org.br\/index.php\/wp-json\/wp\/v2\/categories?post=2008"},{"taxonomy":"post_tag","embeddable":true,"href":"https:\/\/acrj.org.br\/index.php\/wp-json\/wp\/v2\/tags?post=2008"}],"curies":[{"name":"wp","href":"https:\/\/api.w.org\/{rel}","templated":true}]}}