{"id":19881,"date":"2023-09-27T16:30:55","date_gmt":"2023-09-27T19:30:55","guid":{"rendered":"https:\/\/acrj.org.br\/?p=19881"},"modified":"2023-09-27T16:33:18","modified_gmt":"2023-09-27T19:33:18","slug":"instituicoes-rio-enviam-carta-ao-poder-publico-estadual-e-municipal-sobre-espisodios-de-violencia-nas-praias","status":"publish","type":"post","link":"https:\/\/acrj.org.br\/index.php\/2023\/09\/27\/instituicoes-rio-enviam-carta-ao-poder-publico-estadual-e-municipal-sobre-espisodios-de-violencia-nas-praias\/","title":{"rendered":"Institui\u00e7\u00f5es enviam carta aos Conselhos de Turismo estadual e municipal sobre epis\u00f3dios de viol\u00eancia nas praias"},"content":{"rendered":"\n<p>A Associa\u00e7\u00e3o Comercial do Rio de Janeiro \u00e9 uma das oitos institui\u00e7\u00f5es que assinam a carta conjunta encaminhada aos Conselhos de Seguran\u00e7a do Turismo do Estado do Rio de Janeiro, Estadual do Turismo e Municipal de Turismo nesta 3\u00aa feira (26\/9), sobre os epis\u00f3dios lament\u00e1veis ocorridos do \u00faltimo fim de semana, notadamente, na Praia do Leme.<\/p>\n\n\n\n<p>Diz a carta em um dos trechos: \u201ccom a pr\u00e9via da chegada da \u00e9poca mais promissora para a cidade, seja sob o ponto de vista de imagem, sob o ponto de vista comercial e, principalmente, sob o ponto de vista do bem-estar de cada carioca, vimos mais uma vez todas as expectativas derreterem com o calor, pois ocorreram cenas e fatos indesej\u00e1veis por qualquer pessoa que ama o Rio de Janeiro, ou seja, cenas de viol\u00eancia com arrast\u00f5es nas Praias do Leme e do Recreio dos Bandeirantes, al\u00e9m da desordem urbana\u201d.<\/p>\n\n\n\n<p>As institui\u00e7\u00f5es pedem que medidas eficazes sejam adotadas para combater e prevenir a atividade criminosa na praia, entre elas os arrast\u00f5es, visando garantir a seguran\u00e7a da popula\u00e7\u00e3o, proteger o turismo e promover o desenvolvimento sustent\u00e1vel da cidade do Rio de Janeiro. E solicitam uma agenda com esses \u00f3rg\u00e3os p\u00fablicos para a realiza\u00e7\u00e3o de reuni\u00e3o de trabalho conjunta, objetivando unir os esfor\u00e7os em busca das melhores solu\u00e7\u00f5es poss\u00edveis, com a participa\u00e7\u00e3o e apoio da toda a sociedade, visando a\u00e7\u00f5es exequ\u00edveis at\u00e9 o in\u00edcio do ver\u00e3o que se aproxima. \u201cEssa agenda conjunta e colaborativa do setor privado juntamente com o setor p\u00fablico ser\u00e1 de fundamental import\u00e2ncia para que possamos apresentar algumas sugest\u00f5es e, em \u00faltima an\u00e1lise, alinhar nossos planos e expectativas e realizar um Ver\u00e3o exemplar, que plante os melhores frutos nos cariocas, mas principalmente nos turistas, que s\u00e3o a grande mola propulsora da economia carioca\u201d, finaliza a carta.<\/p>\n\n\n\n<p><strong>Leia <a href=\"https:\/\/acrj.org.br\/wp-content\/uploads\/2023\/09\/Seguranca-Publica-Praias-RJ.pdf\">aqui <\/a>a \u00edntegra da carta enviada.<\/strong><\/p>\n","protected":false},"excerpt":{"rendered":"<p>A Associa\u00e7\u00e3o Comercial do Rio de Janeiro \u00e9 uma das oitos institui\u00e7\u00f5es que assinam a carta conjunta encaminhada aos Conselhos de Seguran\u00e7a do Turismo do&hellip;<\/p>\n","protected":false},"author":3,"featured_media":19883,"comment_status":"closed","ping_status":"closed","sticky":false,"template":"","format":"standard","meta":{"_exactmetrics_skip_tracking":false,"_exactmetrics_sitenote_active":false,"_exactmetrics_sitenote_note":"","_exactmetrics_sitenote_category":0,"footnotes":""},"categories":[10],"tags":[],"class_list":["post-19881","post","type-post","status-publish","format-standard","has-post-thumbnail","hentry","category-noticias"],"_links":{"self":[{"href":"https:\/\/acrj.org.br\/index.php\/wp-json\/wp\/v2\/posts\/19881","targetHints":{"allow":["GET"]}}],"collection":[{"href":"https:\/\/acrj.org.br\/index.php\/wp-json\/wp\/v2\/posts"}],"about":[{"href":"https:\/\/acrj.org.br\/index.php\/wp-json\/wp\/v2\/types\/post"}],"author":[{"embeddable":true,"href":"https:\/\/acrj.org.br\/index.php\/wp-json\/wp\/v2\/users\/3"}],"replies":[{"embeddable":true,"href":"https:\/\/acrj.org.br\/index.php\/wp-json\/wp\/v2\/comments?post=19881"}],"version-history":[{"count":0,"href":"https:\/\/acrj.org.br\/index.php\/wp-json\/wp\/v2\/posts\/19881\/revisions"}],"wp:featuredmedia":[{"embeddable":true,"href":"https:\/\/acrj.org.br\/index.php\/wp-json\/wp\/v2\/media\/19883"}],"wp:attachment":[{"href":"https:\/\/acrj.org.br\/index.php\/wp-json\/wp\/v2\/media?parent=19881"}],"wp:term":[{"taxonomy":"category","embeddable":true,"href":"https:\/\/acrj.org.br\/index.php\/wp-json\/wp\/v2\/categories?post=19881"},{"taxonomy":"post_tag","embeddable":true,"href":"https:\/\/acrj.org.br\/index.php\/wp-json\/wp\/v2\/tags?post=19881"}],"curies":[{"name":"wp","href":"https:\/\/api.w.org\/{rel}","templated":true}]}}