{"id":1931,"date":"2019-09-13T20:47:00","date_gmt":"2019-09-13T23:47:00","guid":{"rendered":"http:\/\/acrj2020.profissional.ws\/?p=1931"},"modified":"2020-02-28T20:48:30","modified_gmt":"2020-02-28T23:48:30","slug":"cheryl-berno-representa-a-presidente-da-acrj-em-audiencia-na-alerj","status":"publish","type":"post","link":"https:\/\/acrj.org.br\/index.php\/2019\/09\/13\/cheryl-berno-representa-a-presidente-da-acrj-em-audiencia-na-alerj\/","title":{"rendered":"Cheryl Berno representa a presidente da ACRJ em audi\u00eancia na Alerj"},"content":{"rendered":"\n<p>A membro suplente do Conselho Fiscal da Associa\u00e7\u00e3o Comercial do Rio de Janeiro, Cheryl Berno, representou a presidente da ACRJ, Angela Costa, durante uma Audi\u00eancia P\u00fablica na Assembleia Legislativa do Rio de Janeiro, na manh\u00e3 desta quarta-feira, 11 de setembro.<\/p>\n\n\n\n<p>O encontro, promovido pela Controladoria Geral do Estado (CGE-RJ), discutiu a aplica\u00e7\u00e3o e a necessidade de regulamenta\u00e7\u00e3o da lei 7.753\/2017, que obriga empresas que possuem contratos com o Governo do Estado a criarem ou aprimorarem seus Programas de Integridade.<\/p>\n","protected":false},"excerpt":{"rendered":"<p>A membro suplente do Conselho Fiscal da Associa\u00e7\u00e3o Comercial do Rio de Janeiro, Cheryl Berno, representou a presidente da ACRJ, Angela Costa, durante uma Audi\u00eancia&hellip;<\/p>\n","protected":false},"author":1,"featured_media":1932,"comment_status":"closed","ping_status":"open","sticky":false,"template":"","format":"standard","meta":{"_exactmetrics_skip_tracking":false,"_exactmetrics_sitenote_active":false,"_exactmetrics_sitenote_note":"","_exactmetrics_sitenote_category":0,"footnotes":""},"categories":[10],"tags":[],"class_list":["post-1931","post","type-post","status-publish","format-standard","has-post-thumbnail","hentry","category-noticias"],"_links":{"self":[{"href":"https:\/\/acrj.org.br\/index.php\/wp-json\/wp\/v2\/posts\/1931","targetHints":{"allow":["GET"]}}],"collection":[{"href":"https:\/\/acrj.org.br\/index.php\/wp-json\/wp\/v2\/posts"}],"about":[{"href":"https:\/\/acrj.org.br\/index.php\/wp-json\/wp\/v2\/types\/post"}],"author":[{"embeddable":true,"href":"https:\/\/acrj.org.br\/index.php\/wp-json\/wp\/v2\/users\/1"}],"replies":[{"embeddable":true,"href":"https:\/\/acrj.org.br\/index.php\/wp-json\/wp\/v2\/comments?post=1931"}],"version-history":[{"count":0,"href":"https:\/\/acrj.org.br\/index.php\/wp-json\/wp\/v2\/posts\/1931\/revisions"}],"wp:featuredmedia":[{"embeddable":true,"href":"https:\/\/acrj.org.br\/index.php\/wp-json\/wp\/v2\/media\/1932"}],"wp:attachment":[{"href":"https:\/\/acrj.org.br\/index.php\/wp-json\/wp\/v2\/media?parent=1931"}],"wp:term":[{"taxonomy":"category","embeddable":true,"href":"https:\/\/acrj.org.br\/index.php\/wp-json\/wp\/v2\/categories?post=1931"},{"taxonomy":"post_tag","embeddable":true,"href":"https:\/\/acrj.org.br\/index.php\/wp-json\/wp\/v2\/tags?post=1931"}],"curies":[{"name":"wp","href":"https:\/\/api.w.org\/{rel}","templated":true}]}}