{"id":1918,"date":"2019-09-19T17:40:00","date_gmt":"2019-09-19T20:40:00","guid":{"rendered":"http:\/\/acrj2020.profissional.ws\/?p=1918"},"modified":"2020-02-28T20:41:22","modified_gmt":"2020-02-28T23:41:22","slug":"acrj-promove-o-2o-cafe-com-negocios-de-2019-para-network-empresarial-2","status":"publish","type":"post","link":"https:\/\/acrj.org.br\/index.php\/2019\/09\/19\/acrj-promove-o-2o-cafe-com-negocios-de-2019-para-network-empresarial-2\/","title":{"rendered":"ACRJ promove o 2\u00ba Caf\u00e9 com Neg\u00f3cios de 2019 para network empresarial"},"content":{"rendered":"\n<p>Um dos principais eventos de network do Rio de Janeiro, o Caf\u00e9 com Neg\u00f3cios ter\u00e1 a 2\u00aa edi\u00e7\u00e3o no dia 22 de outubro, na Associa\u00e7\u00e3o Comercial do Rio de Janeiro. A reuni\u00e3o abre espa\u00e7o para micro e pequenos empres\u00e1rios ampliarem o networking de seus neg\u00f3cios e obterem informa\u00e7\u00f5es sobre uma s\u00e9rie de produtos e servi\u00e7os.<\/p>\n\n\n\n<p>Parte da programa\u00e7\u00e3o, a Sess\u00e3o de Neg\u00f3cios vai contar com a participa\u00e7\u00e3o de importantes empresas \u00e2ncora, de v\u00e1rios setores. Na 1\u00aa edi\u00e7\u00e3o, realizada em setembro passado, mais de 50 empresas de diversos segmentos participaram do evento.<\/p>\n\n\n\n<p>O Caf\u00e9 com Neg\u00f3cios \u00e9 uma iniciativa da ACRJ em parceria com o Sebrae-Rio e tem o objetivo de proporcionar o encontro entre o empresariado e suas necessidades e a oferta de produtos e servi\u00e7os do mercado.<\/p>\n\n\n\n<p>Qualquer empresa, nacional ou multinacional, privada ou publicada, pode participar. Para a inscri\u00e7\u00e3o, que precisa ser feita antecipadamente, basta acessar este&nbsp;<a href=\"https:\/\/docs.google.com\/forms\/d\/e\/1FAIpQLSfe4debkJox_6c0_A0KmX6sBQh7gBsZxLtR5se7zAJ1p-IkXw\/viewform\">link<\/a>.<\/p>\n\n\n\n<p>Outras informa\u00e7\u00f5es pelo telefone: (21) 2514-1280.<\/p>\n\n\n\n<p><strong>Programa\u00e7\u00e3o<\/strong><\/p>\n\n\n\n<p>9h \u2013 Credenciamento<\/p>\n\n\n\n<p>9h30 \u2013 Abertura<\/p>\n\n\n\n<p>10h \u2013 In\u00edcio Sess\u00e3o de Neg\u00f3cios<\/p>\n\n\n\n<p>13h \u2013 Encerramento<\/p>\n","protected":false},"excerpt":{"rendered":"<p>Um dos principais eventos de network do Rio de Janeiro, o Caf\u00e9 com Neg\u00f3cios ter\u00e1 a 2\u00aa edi\u00e7\u00e3o no dia 22 de outubro, na Associa\u00e7\u00e3o&hellip;<\/p>\n","protected":false},"author":1,"featured_media":1715,"comment_status":"closed","ping_status":"open","sticky":false,"template":"","format":"standard","meta":{"_exactmetrics_skip_tracking":false,"_exactmetrics_sitenote_active":false,"_exactmetrics_sitenote_note":"","_exactmetrics_sitenote_category":0,"footnotes":""},"categories":[10],"tags":[],"class_list":["post-1918","post","type-post","status-publish","format-standard","has-post-thumbnail","hentry","category-noticias"],"_links":{"self":[{"href":"https:\/\/acrj.org.br\/index.php\/wp-json\/wp\/v2\/posts\/1918","targetHints":{"allow":["GET"]}}],"collection":[{"href":"https:\/\/acrj.org.br\/index.php\/wp-json\/wp\/v2\/posts"}],"about":[{"href":"https:\/\/acrj.org.br\/index.php\/wp-json\/wp\/v2\/types\/post"}],"author":[{"embeddable":true,"href":"https:\/\/acrj.org.br\/index.php\/wp-json\/wp\/v2\/users\/1"}],"replies":[{"embeddable":true,"href":"https:\/\/acrj.org.br\/index.php\/wp-json\/wp\/v2\/comments?post=1918"}],"version-history":[{"count":0,"href":"https:\/\/acrj.org.br\/index.php\/wp-json\/wp\/v2\/posts\/1918\/revisions"}],"wp:featuredmedia":[{"embeddable":true,"href":"https:\/\/acrj.org.br\/index.php\/wp-json\/wp\/v2\/media\/1715"}],"wp:attachment":[{"href":"https:\/\/acrj.org.br\/index.php\/wp-json\/wp\/v2\/media?parent=1918"}],"wp:term":[{"taxonomy":"category","embeddable":true,"href":"https:\/\/acrj.org.br\/index.php\/wp-json\/wp\/v2\/categories?post=1918"},{"taxonomy":"post_tag","embeddable":true,"href":"https:\/\/acrj.org.br\/index.php\/wp-json\/wp\/v2\/tags?post=1918"}],"curies":[{"name":"wp","href":"https:\/\/api.w.org\/{rel}","templated":true}]}}