{"id":1915,"date":"2019-09-19T18:39:00","date_gmt":"2019-09-19T21:39:00","guid":{"rendered":"http:\/\/acrj2020.profissional.ws\/?p=1915"},"modified":"2020-02-28T20:40:04","modified_gmt":"2020-02-28T23:40:04","slug":"onu-brics-e-america-latina-consul-geral-da-russia-apresenta-os-desafios-da-politica-externa-do-pais","status":"publish","type":"post","link":"https:\/\/acrj.org.br\/index.php\/2019\/09\/19\/onu-brics-e-america-latina-consul-geral-da-russia-apresenta-os-desafios-da-politica-externa-do-pais\/","title":{"rendered":"ONU, Brics e Am\u00e9rica Latina: C\u00f4nsul-Geral da R\u00fassia apresenta os desafios da pol\u00edtica externa do pa\u00eds"},"content":{"rendered":"\n<p>O c\u00f4nsul-geral da R\u00fassia, Vladimir Tokmakov, afirmou, em reuni\u00e3o na Associa\u00e7\u00e3o Comercial do Rio de Janeiro, dia 18\/9, que o desejo de algumas na\u00e7\u00f5es de manter a proje\u00e7\u00e3o internacional, por meio da imposi\u00e7\u00e3o de seus pontos de vista, provoca uma instabilidade e maior turbul\u00eancia ao contexto global. Com esse alerta e uma abordagem conciliadora para as rela\u00e7\u00f5es internacionais, o c\u00f4nsul abriu sua apresenta\u00e7\u00e3o para o Conselho Empresarial de Pol\u00edtica e Com\u00e9rcio Exterior da ACRJ.<\/p>\n\n\n\n<p>Segundo ele, a R\u00fassia segue uma pol\u00edtica externa independente, cuja base \u00e9 o respeito incondicional pelo direito internacional. \u201cA R\u00fassia est\u00e1 plenamente consciente de sua responsabilidade especial, pela manuten\u00e7\u00e3o da seguran\u00e7a global e regional, em a\u00e7\u00f5es conjuntas com todos os pa\u00edses, e com o objetivo de resolver os problemas comuns\u201d, afirmou.<\/p>\n\n\n\n<p>Tokmakov ainda afirmou que a R\u00fassia apoia todos os esfor\u00e7os para fortalecer a ONU. \u201cIsto implica garantir a inviolabilidade das principais disposi\u00e7\u00f5es e princ\u00edpios da Carta das Na\u00e7\u00f5es Unidas\u201d, complementou.<\/p>\n\n\n\n<p>Aumentar a efic\u00e1cia do Conselho de Seguran\u00e7a da ONU, garantindo efici\u00eancia no trabalho da institui\u00e7\u00e3o \u00e9 um dos objetivos do pa\u00eds. \u201cQuaisquer decis\u00f5es sobre a cria\u00e7\u00e3o de assentos adicionais no Conselho de Seguran\u00e7a devem ser tomadas com base em um acordo mais amplo entre os membros da ONU\u201d, afirmou, apesar de defender a necessidade de reforma do conselho, que deveria levar em considera\u00e7\u00e3o a nova realidade geopol\u00edtica global.<\/p>\n\n\n\n<p>A vis\u00e3o que a R\u00fassia tem sobre a Am\u00e9rica Latina tamb\u00e9m foi um assunto abordado pelo c\u00f4nsul. \u201cA R\u00fassia n\u00e3o olha para essa regi\u00e3o no contexto de jogos geopol\u00edticos.\u201d Para ele, o posicionamento russo em rela\u00e7\u00e3o ao continente \u00e9 pragm\u00e1tica, com a defesa de uma Am\u00e9rica Latina unida e sustent\u00e1vel.<\/p>\n\n\n\n<p>O c\u00f4nsul defendeu tamb\u00e9m a manuten\u00e7\u00e3o do Brics (bloco de economias em desenvolvimento, que re\u00fane Brasil, R\u00fassia, \u00cdndia, China e \u00c1frica do Sul), que, na vis\u00e3o dele, \u00e9 um exemplo da coopera\u00e7\u00e3o multilateral entre os pa\u00edses, com base nos princ\u00edpios e interesses dos mesmos. \u201cO aumento de parceiros estrat\u00e9gicos, no formato do Brics, \u00e9 uma das prioridades da pol\u00edtica externa da R\u00fassia. O bloco se tornou um dos pilares mais importantes da arquitetura multipolar democr\u00e1tica da ordem mundial\u201d, concluiu.<\/p>\n\n\n\n<p>Vale lembrar que a pr\u00f3xima c\u00fapula do Brics \u2013 com data marcada para novembro \u2013 ser\u00e1 realizada em Bras\u00edlia.<\/p>\n","protected":false},"excerpt":{"rendered":"<p>O c\u00f4nsul-geral da R\u00fassia, Vladimir Tokmakov, afirmou, em reuni\u00e3o na Associa\u00e7\u00e3o Comercial do Rio de Janeiro, dia 18\/9, que o desejo de algumas na\u00e7\u00f5es de&hellip;<\/p>\n","protected":false},"author":1,"featured_media":1916,"comment_status":"closed","ping_status":"open","sticky":false,"template":"","format":"standard","meta":{"_exactmetrics_skip_tracking":false,"_exactmetrics_sitenote_active":false,"_exactmetrics_sitenote_note":"","_exactmetrics_sitenote_category":0,"footnotes":""},"categories":[10],"tags":[],"class_list":["post-1915","post","type-post","status-publish","format-standard","has-post-thumbnail","hentry","category-noticias"],"_links":{"self":[{"href":"https:\/\/acrj.org.br\/index.php\/wp-json\/wp\/v2\/posts\/1915","targetHints":{"allow":["GET"]}}],"collection":[{"href":"https:\/\/acrj.org.br\/index.php\/wp-json\/wp\/v2\/posts"}],"about":[{"href":"https:\/\/acrj.org.br\/index.php\/wp-json\/wp\/v2\/types\/post"}],"author":[{"embeddable":true,"href":"https:\/\/acrj.org.br\/index.php\/wp-json\/wp\/v2\/users\/1"}],"replies":[{"embeddable":true,"href":"https:\/\/acrj.org.br\/index.php\/wp-json\/wp\/v2\/comments?post=1915"}],"version-history":[{"count":0,"href":"https:\/\/acrj.org.br\/index.php\/wp-json\/wp\/v2\/posts\/1915\/revisions"}],"wp:featuredmedia":[{"embeddable":true,"href":"https:\/\/acrj.org.br\/index.php\/wp-json\/wp\/v2\/media\/1916"}],"wp:attachment":[{"href":"https:\/\/acrj.org.br\/index.php\/wp-json\/wp\/v2\/media?parent=1915"}],"wp:term":[{"taxonomy":"category","embeddable":true,"href":"https:\/\/acrj.org.br\/index.php\/wp-json\/wp\/v2\/categories?post=1915"},{"taxonomy":"post_tag","embeddable":true,"href":"https:\/\/acrj.org.br\/index.php\/wp-json\/wp\/v2\/tags?post=1915"}],"curies":[{"name":"wp","href":"https:\/\/api.w.org\/{rel}","templated":true}]}}