{"id":1892,"date":"2019-09-24T20:22:00","date_gmt":"2019-09-24T23:22:00","guid":{"rendered":"http:\/\/acrj2020.profissional.ws\/?p=1892"},"modified":"2020-02-28T20:23:23","modified_gmt":"2020-02-28T23:23:23","slug":"acrj-e-sebrae-rio-realizam-cafe-com-negocios","status":"publish","type":"post","link":"https:\/\/acrj.org.br\/index.php\/2019\/09\/24\/acrj-e-sebrae-rio-realizam-cafe-com-negocios\/","title":{"rendered":"ACRJ e Sebrae Rio realizam Caf\u00e9 com Neg\u00f3cios"},"content":{"rendered":"\n<p>Com apoio do Sebrae Rio e participa\u00e7\u00e3o de 52 empresas de diversos setores, a ACRJ realizou a 1\u00aa edi\u00e7\u00e3o do Caf\u00e9 com Neg\u00f3cios de 2019. O evento, que gera oportunidades de neg\u00f3cios com reuni\u00f5es comerciais simult\u00e2neas para apresenta\u00e7\u00e3o de produtos e servi\u00e7os, ocorreu nesta ter\u00e7a-feira, 24 de setembro, na Casa do Empres\u00e1rio. \u201cCom a realiza\u00e7\u00e3o deste encontro, a mais antiga entidade de representa\u00e7\u00e3o civil do pa\u00eds cumpre seu papel de ser o melhor lugar do Rio de Janeiro para fazer neg\u00f3cios\u201d, declarou o Grande Benem\u00e9rito e vice-presidente da ACRJ, Aureo Salles, que representou a presidente Angela Costa.<\/p>\n\n\n\n<p>De acordo com o gerente da \u00e1rea de conhecimento e competitividade do Sebrae Rio, Cezar Kirszenblatt, o Caf\u00e9 com Neg\u00f3cios \u00e9 uma oportunidade de dinamiza\u00e7\u00e3o da rela\u00e7\u00e3o empresarial. \u201cA reuni\u00e3o coloca os empres\u00e1rios em contato uns com os outros na mesma sess\u00e3o. Al\u00e9m disso, \u00e9 um momento importante de levarmos informa\u00e7\u00e3o ao empreendedor\u201d, explicou. Kirszenblatt ainda apresentou aos empres\u00e1rios participantes do evento dois portais do Sebrae, que auxiliam na tomada de decis\u00f5es do empresariado: o&nbsp;<a href=\"https:\/\/sebraeinteligenciasetorial.com.br\/\">Sebrae Intelig\u00eancia Setorial<\/a>&nbsp;e o&nbsp;<a href=\"http:\/\/www.sebrae.com.br\/sites\/PortalSebrae\/Busca?q=oportunidade%20de%20neg%C3%B3cio\">Rio Oportunidade de Neg\u00f3cios<\/a>.&nbsp;<\/p>\n\n\n\n<p>O evento foi dividido em dois momentos: a palestra do professor da UFRJ,&nbsp;Jo\u00e3o Carlos Ferraz,&nbsp;sobre&nbsp;riscos e oportunidades para as micro e pequenas empresas diante das inova\u00e7\u00f5es tecnol\u00f3gicas disruptivas, e&nbsp;a Sess\u00e3o de Neg\u00f3cios, quando os empreendedores tiveram a oportunidade de sentarem com as empresas \u00e2ncoras presentes, oferecendo seus produtos e servi\u00e7os.<\/p>\n\n\n\n<p>A edi\u00e7\u00e3o 2019 do Caf\u00e9 com Neg\u00f3cios contou com a presen\u00e7a de quatro empresas \u00e2ncoras: a Assim Sa\u00fade, Win Energias Renov\u00e1veis, Infotec Brasil e Steffen. De acordo com as regras da Sess\u00e3o, os encontros entre os empres\u00e1rios foram realizados por meio de um rod\u00edzio, onde todos tiveram a oportunidade de apresentar seus produtos e servi\u00e7os para cada uma das empresas \u00e2ncora. O m\u00e9todo tem tamb\u00e9m o potencial de proporcionar gera\u00e7\u00e3o de networking.&nbsp;<\/p>\n\n\n\n<p>As pr\u00f3ximas edi\u00e7\u00f5es j\u00e1 est\u00e3o agendadas. Ser\u00e3o realizadas nos dias 22 de outubro e 26 de novembro, na sede da ACRJ.<\/p>\n","protected":false},"excerpt":{"rendered":"<p>Com apoio do Sebrae Rio e participa\u00e7\u00e3o de 52 empresas de diversos setores, a ACRJ realizou a 1\u00aa edi\u00e7\u00e3o do Caf\u00e9 com Neg\u00f3cios de 2019.&hellip;<\/p>\n","protected":false},"author":1,"featured_media":1893,"comment_status":"closed","ping_status":"open","sticky":false,"template":"","format":"standard","meta":{"_exactmetrics_skip_tracking":false,"_exactmetrics_sitenote_active":false,"_exactmetrics_sitenote_note":"","_exactmetrics_sitenote_category":0,"footnotes":""},"categories":[10],"tags":[],"class_list":["post-1892","post","type-post","status-publish","format-standard","has-post-thumbnail","hentry","category-noticias"],"_links":{"self":[{"href":"https:\/\/acrj.org.br\/index.php\/wp-json\/wp\/v2\/posts\/1892","targetHints":{"allow":["GET"]}}],"collection":[{"href":"https:\/\/acrj.org.br\/index.php\/wp-json\/wp\/v2\/posts"}],"about":[{"href":"https:\/\/acrj.org.br\/index.php\/wp-json\/wp\/v2\/types\/post"}],"author":[{"embeddable":true,"href":"https:\/\/acrj.org.br\/index.php\/wp-json\/wp\/v2\/users\/1"}],"replies":[{"embeddable":true,"href":"https:\/\/acrj.org.br\/index.php\/wp-json\/wp\/v2\/comments?post=1892"}],"version-history":[{"count":0,"href":"https:\/\/acrj.org.br\/index.php\/wp-json\/wp\/v2\/posts\/1892\/revisions"}],"wp:featuredmedia":[{"embeddable":true,"href":"https:\/\/acrj.org.br\/index.php\/wp-json\/wp\/v2\/media\/1893"}],"wp:attachment":[{"href":"https:\/\/acrj.org.br\/index.php\/wp-json\/wp\/v2\/media?parent=1892"}],"wp:term":[{"taxonomy":"category","embeddable":true,"href":"https:\/\/acrj.org.br\/index.php\/wp-json\/wp\/v2\/categories?post=1892"},{"taxonomy":"post_tag","embeddable":true,"href":"https:\/\/acrj.org.br\/index.php\/wp-json\/wp\/v2\/tags?post=1892"}],"curies":[{"name":"wp","href":"https:\/\/api.w.org\/{rel}","templated":true}]}}