{"id":1848,"date":"2019-10-09T14:46:00","date_gmt":"2019-10-09T17:46:00","guid":{"rendered":"http:\/\/acrj2020.profissional.ws\/?p=1848"},"modified":"2020-02-28T14:48:13","modified_gmt":"2020-02-28T17:48:13","slug":"governo-do-estado-lanca-grupo-de-trabalho-para-programa-rio-capital-da-energia-durante-reuniao-na-acrj","status":"publish","type":"post","link":"https:\/\/acrj.org.br\/index.php\/2019\/10\/09\/governo-do-estado-lanca-grupo-de-trabalho-para-programa-rio-capital-da-energia-durante-reuniao-na-acrj\/","title":{"rendered":"Governo do Estado lan\u00e7a Grupo de Trabalho para Programa Rio Capital da Energia durante reuni\u00e3o na ACRJ"},"content":{"rendered":"\n<p>\u201cO combate \u00e0s perdas de eletricidade e os mecanismos para retomada da competitividade estadual\u201d foi tema da palestra da subsecret\u00e1ria de \u00d3leo, G\u00e1s, Energia e Ind\u00fastria, Cristina Pinho, que tamb\u00e9m anunciou o lan\u00e7amento do Grupo de Trabalho do Programa Rio Capital da Energia at\u00e9 o final deste m\u00eas. Ela participou da reuni\u00e3o promovida pelo Conselho Empresarial de Energia da Associa\u00e7\u00e3o Comercial do Rio de Janeiro, dia 8 de outubro.<\/p>\n\n\n\n<p>Segundo Cristina, o Rio de Janeiro \u00e9 naturalmente um grande hub de energia, contribuindo com 73% da produ\u00e7\u00e3o de \u00f3leo, 54% de g\u00e1s e 10% de energia para o pa\u00eds. \u201cSe o Rio de Janeiro fosse um pa\u00eds, n\u00f3s ser\u00edamos o 13\u00ba produtor do mundo. E isso \u00e9 muito relevante. N\u00e3o podemos desperdi\u00e7ar esses n\u00fameros e temos que usufruir do protagonismo na matriz energ\u00e9tica do pa\u00eds\u201d, ressaltou a subsecret\u00e1ria, acrescentando que para os pr\u00f3ximos 10 anos a previs\u00e3o \u00e9 de 96% de aumento da produ\u00e7\u00e3o total de \u00f3leo e 70% na produ\u00e7\u00e3o l\u00edquida de g\u00e1s.<\/p>\n\n\n\n<p>A subsecret\u00e1ria adiantou que o Programa Rio Capital da Energia \u00e9 baseado em tr\u00eas pilares: seguran\u00e7a no abastecimento; transi\u00e7\u00e3o energ\u00e9tica para uma matriz mais diversificada e na competitividade no custo da energia. O objetivo final do programa \u00e9 gerar emprego e renda a partir de v\u00e1rias inciativas e informou que o Governador assinar\u00e1, em breve, um decreto sobre o assunto.<\/p>\n\n\n\n<p>De acordo com Cristina Pinho, algumas dessas iniciativas do programa j\u00e1 est\u00e3o em andamento, como o conv\u00eanio com a Aneel (Ag\u00eancia Nacional de Energia El\u00e9trica) para a fiscaliza\u00e7\u00e3o do mercado de distribui\u00e7\u00e3o de energia el\u00e9trica e combate ao furto e a fraude de eletricidade. O grupo de trabalho criado \u00e9 formado por representantes da Aneel e das tr\u00eas concession\u00e1rias de energia que atuam no estado do Rio (Light, Enel e Energisa). O grupo vai avaliar estrat\u00e9gias para extinguir as perdas n\u00e3o t\u00e9cnicas, que vem aumentando, a melhoria dos indicadores de qualidade de energia e redu\u00e7\u00e3o da al\u00edquota do ICMS.&nbsp;&nbsp; &nbsp;&nbsp;<\/p>\n\n\n\n<p>A presidente do Conselho Empresarial de Energia da ACRJ, Joisa Dutra, lembrou que \u00e9 not\u00f3rio que as \u00e1reas de concess\u00e3o das distribuidoras do Rio tem um grau alto de complexidade. Al\u00e9m disso, ela ressaltou que estudos realizados pela ag\u00eancia reguladora mostram que \u201ca desacelera\u00e7\u00e3o econ\u00f4mica, em um primeiro momento, leva a inadimpl\u00eancia e posteriormente vira perda n\u00e3o t\u00e9cnica, tratando-se de um aspecto comportamental. Quando isso ocorre a situa\u00e7\u00e3o piora e as perdas aumentam\u201d.<\/p>\n\n\n\n<p>Ao fim do encontro, algumas sugest\u00f5es foram feitas para que o Grupo de Trabalho possa avaliar, entre elas, a tarifa social cadastrada e a tarifa diferenciada, que depender\u00e1 do padr\u00e3o de qualidade no fornecimento.<\/p>\n","protected":false},"excerpt":{"rendered":"<p>\u201cO combate \u00e0s perdas de eletricidade e os mecanismos para retomada da competitividade estadual\u201d foi tema da palestra da subsecret\u00e1ria de \u00d3leo, G\u00e1s, Energia e&hellip;<\/p>\n","protected":false},"author":1,"featured_media":1849,"comment_status":"closed","ping_status":"open","sticky":false,"template":"","format":"standard","meta":{"_exactmetrics_skip_tracking":false,"_exactmetrics_sitenote_active":false,"_exactmetrics_sitenote_note":"","_exactmetrics_sitenote_category":0,"footnotes":""},"categories":[10],"tags":[],"class_list":["post-1848","post","type-post","status-publish","format-standard","has-post-thumbnail","hentry","category-noticias"],"_links":{"self":[{"href":"https:\/\/acrj.org.br\/index.php\/wp-json\/wp\/v2\/posts\/1848","targetHints":{"allow":["GET"]}}],"collection":[{"href":"https:\/\/acrj.org.br\/index.php\/wp-json\/wp\/v2\/posts"}],"about":[{"href":"https:\/\/acrj.org.br\/index.php\/wp-json\/wp\/v2\/types\/post"}],"author":[{"embeddable":true,"href":"https:\/\/acrj.org.br\/index.php\/wp-json\/wp\/v2\/users\/1"}],"replies":[{"embeddable":true,"href":"https:\/\/acrj.org.br\/index.php\/wp-json\/wp\/v2\/comments?post=1848"}],"version-history":[{"count":0,"href":"https:\/\/acrj.org.br\/index.php\/wp-json\/wp\/v2\/posts\/1848\/revisions"}],"wp:featuredmedia":[{"embeddable":true,"href":"https:\/\/acrj.org.br\/index.php\/wp-json\/wp\/v2\/media\/1849"}],"wp:attachment":[{"href":"https:\/\/acrj.org.br\/index.php\/wp-json\/wp\/v2\/media?parent=1848"}],"wp:term":[{"taxonomy":"category","embeddable":true,"href":"https:\/\/acrj.org.br\/index.php\/wp-json\/wp\/v2\/categories?post=1848"},{"taxonomy":"post_tag","embeddable":true,"href":"https:\/\/acrj.org.br\/index.php\/wp-json\/wp\/v2\/tags?post=1848"}],"curies":[{"name":"wp","href":"https:\/\/api.w.org\/{rel}","templated":true}]}}