{"id":18421,"date":"2023-08-25T17:22:41","date_gmt":"2023-08-25T20:22:41","guid":{"rendered":"https:\/\/acrj.org.br\/?p=18421"},"modified":"2023-08-27T12:12:44","modified_gmt":"2023-08-27T15:12:44","slug":"senador-portinho-e-tributaristas-debatem-proposta-da-reforma-tributaria-na-acrj","status":"publish","type":"post","link":"https:\/\/acrj.org.br\/index.php\/2023\/08\/25\/senador-portinho-e-tributaristas-debatem-proposta-da-reforma-tributaria-na-acrj\/","title":{"rendered":"Senador Portinho e tributaristas debatem proposta da Reforma Tribut\u00e1ria na ACRJ"},"content":{"rendered":"\n<p>O presidente da ACRJ, Josier Vilar, reuniu, dia 25\/8, o senador Carlos Portinho e os tributaristas Gustavo Brigagao e Ilan Gorin para um debate sobre a Reforma Tribut\u00e1ria. O encontro tamb\u00e9m serviu para criar as bases para a defini\u00e7\u00e3o do posicionamento da Associa\u00e7\u00e3o Comercial sobre o tema. A ACRJ \u00e9 uma das institui\u00e7\u00f5es de classe convidadas pelo senador para participar da Audi\u00eancia P\u00fablica que ser\u00e1 realizada na pr\u00f3xima 3\u00aa feira (29\/8), no Senado Federal e contar\u00e1 com a presen\u00e7a da ACRJ na Audi\u00eancia.<\/p>\n\n\n\n<p>Diversos conselheiros e diretores da ACRJ participaram do encontro, al\u00e9m de empres\u00e1rios e do presidente da C\u00e2mara T\u00e9cnica de Tributa\u00e7\u00e3o da Assembleia Legislativa do RJ, deputado estadual Arthur Monteiro. O presidente Josier mostrou preocupa\u00e7\u00e3o sobre os impactos negativos desta Reforma para o setor produtivo e seus reflexos na economia do Rio de Janeiro.<\/p>\n\n\n\n<p>O senador Portinho informou que j\u00e1 est\u00e1 solicitando a realiza\u00e7\u00e3o de pelo menos mais duas Audi\u00eancias P\u00fablicas por conta da complexidade do tema e para que os setores de servi\u00e7os e com\u00e9rcio sejam ouvidos, assim como a ind\u00fastria que ser\u00e1 primeira. \u201cO impacto realmente ser\u00e1 muito grande porque pode haver um aumento da al\u00edquota de pelo menos 27% para o setor de servi\u00e7os. No Senado a discuss\u00e3o \u00e9 o quanto o setor produtivo conseguir\u00e1 suportar este aumento\u201d, acrescentou.<\/p>\n\n\n\n<p>A Proposta de Emenda Constitucional (PEC) que foi aprovada pela C\u00e2mara dos Deputados em julho, e est\u00e1 em an\u00e1lise no Senado Federal, prev\u00ea a extin\u00e7\u00e3o dos principais impostos estaduais (o ICMS e o ISS e das contribui\u00e7\u00f5es federais denominadas PIS e Cofins) e a cria\u00e7\u00e3o de outros tributos. S\u00e3o eles, a Contribui\u00e7\u00e3o sobre Bens e Servi\u00e7os &#8211; CBS (Federal) e o Imposto sobre Bens e Servi\u00e7os &#8211; IBS (Estadual e Municipal), a serem cobrados no local de consumo dos bens e servi\u00e7os, com desconto do tributo pago em fases anteriores da produ\u00e7\u00e3o. Est\u00e1 previsto ainda o imposto seletivo, uma esp\u00e9cie de sobretaxa sobre produtos e servi\u00e7os que prejudiquem a sa\u00fade ou o meio ambiente.<\/p>\n\n\n\n<p>O tributarista Gustavo Brigag\u00e3o, apesar de ser favor\u00e1vel que se fa\u00e7a uma reforma, n\u00e3o est\u00e1 otimista em rela\u00e7\u00e3o \u00e0 esta proposta que est\u00e1 em discuss\u00e3o no Senado. Ele destacou alguns aspectos do texto, especialmente os impactos para o setor de servi\u00e7os, que ser\u00e1 muito afetado pelas novas regras. \u201cA Reforma Tribut\u00e1ria \u00e9 necess\u00e1ria. N\u00e3o h\u00e1 d\u00favida disso. Todo mundo fala que \u00e9 favor\u00e1vel. Eu tamb\u00e9m sou. Mas n\u00e3o \u00e9 essa a hist\u00f3ria. A Reforma do jeito que est\u00e1 ser\u00e1 um desastre\u201d, garantiu. Ilan Gorin, por sua vez, chamou a aten\u00e7\u00e3o, entre outras coisas, para o aumento de carga tribut\u00e1ria e da burocracia, \u201cque vai tornar a vida das empresas muito mais complicada do que j\u00e1 \u00e9 hoje. No caso do prestador de servi\u00e7os para o consumidor final \u00e9 pior ainda. O trabalho do Senado n\u00e3o ser\u00e1 f\u00e1cil e acho que neste momento o melhor seria a unifica\u00e7\u00e3o da legisla\u00e7\u00e3o com a fus\u00e3o do PIS Cofins\u201d, disse.<\/p>\n\n\n\n<p>Outras informa\u00e7\u00f5es sobre a <strong><a href=\"https:\/\/www.srzd.com\/brasil\/reforma-tributaria-chega-ao-senado-federal\/\">proposta da Reforma Tribut\u00e1ria<\/a><\/strong><\/p>\n\n\n\n<p>Por <em>Cl\u00e1udia Moreira<\/em> <\/p>\n\n\n\n<figure class=\"wp-block-gallery has-nested-images columns-2 is-cropped wp-block-gallery-1 is-layout-flex wp-block-gallery-is-layout-flex\">\n<figure class=\"wp-block-image size-large\"><img fetchpriority=\"high\" decoding=\"async\" width=\"1024\" height=\"461\" data-id=\"18432\" src=\"https:\/\/acrj.org.br\/wp-content\/uploads\/2023\/08\/geral-1-1024x461.jpg\" alt=\"\" class=\"wp-image-18432\" srcset=\"https:\/\/acrj.org.br\/wp-content\/uploads\/2023\/08\/geral-1-1024x461.jpg 1024w, https:\/\/acrj.org.br\/wp-content\/uploads\/2023\/08\/geral-1-scaled-600x270.jpg 600w, https:\/\/acrj.org.br\/wp-content\/uploads\/2023\/08\/geral-1-300x135.jpg 300w, https:\/\/acrj.org.br\/wp-content\/uploads\/2023\/08\/geral-1-768x346.jpg 768w, https:\/\/acrj.org.br\/wp-content\/uploads\/2023\/08\/geral-1-1536x691.jpg 1536w, https:\/\/acrj.org.br\/wp-content\/uploads\/2023\/08\/geral-1-2048x922.jpg 2048w\" sizes=\"(max-width: 1024px) 100vw, 1024px\" \/><\/figure>\n\n\n\n<figure class=\"wp-block-image size-large\"><img decoding=\"async\" width=\"1024\" height=\"575\" data-id=\"18427\" src=\"https:\/\/acrj.org.br\/wp-content\/uploads\/2023\/08\/publico-2-1024x575.jpg\" alt=\"\" class=\"wp-image-18427\" srcset=\"https:\/\/acrj.org.br\/wp-content\/uploads\/2023\/08\/publico-2-1024x575.jpg 1024w, https:\/\/acrj.org.br\/wp-content\/uploads\/2023\/08\/publico-2-scaled-600x337.jpg 600w, https:\/\/acrj.org.br\/wp-content\/uploads\/2023\/08\/publico-2-300x168.jpg 300w, https:\/\/acrj.org.br\/wp-content\/uploads\/2023\/08\/publico-2-768x431.jpg 768w, https:\/\/acrj.org.br\/wp-content\/uploads\/2023\/08\/publico-2-1536x862.jpg 1536w, https:\/\/acrj.org.br\/wp-content\/uploads\/2023\/08\/publico-2-2048x1150.jpg 2048w\" sizes=\"(max-width: 1024px) 100vw, 1024px\" \/><\/figure>\n\n\n\n<figure class=\"wp-block-image size-large\"><img decoding=\"async\" width=\"1024\" height=\"576\" data-id=\"18431\" src=\"https:\/\/acrj.org.br\/wp-content\/uploads\/2023\/08\/brigagao1-1024x576.jpg\" alt=\"\" class=\"wp-image-18431\" srcset=\"https:\/\/acrj.org.br\/wp-content\/uploads\/2023\/08\/brigagao1-1024x576.jpg 1024w, https:\/\/acrj.org.br\/wp-content\/uploads\/2023\/08\/brigagao1-600x338.jpg 600w, https:\/\/acrj.org.br\/wp-content\/uploads\/2023\/08\/brigagao1-300x169.jpg 300w, https:\/\/acrj.org.br\/wp-content\/uploads\/2023\/08\/brigagao1-768x432.jpg 768w, https:\/\/acrj.org.br\/wp-content\/uploads\/2023\/08\/brigagao1-1536x864.jpg 1536w, https:\/\/acrj.org.br\/wp-content\/uploads\/2023\/08\/brigagao1.jpg 2000w\" sizes=\"(max-width: 1024px) 100vw, 1024px\" \/><\/figure>\n\n\n\n<figure class=\"wp-block-image size-large\"><img loading=\"lazy\" decoding=\"async\" width=\"1024\" height=\"533\" data-id=\"18428\" src=\"https:\/\/acrj.org.br\/wp-content\/uploads\/2023\/08\/publico1-1024x533.jpg\" alt=\"\" class=\"wp-image-18428\" srcset=\"https:\/\/acrj.org.br\/wp-content\/uploads\/2023\/08\/publico1-1024x533.jpg 1024w, https:\/\/acrj.org.br\/wp-content\/uploads\/2023\/08\/publico1-scaled-600x312.jpg 600w, https:\/\/acrj.org.br\/wp-content\/uploads\/2023\/08\/publico1-300x156.jpg 300w, https:\/\/acrj.org.br\/wp-content\/uploads\/2023\/08\/publico1-768x400.jpg 768w, https:\/\/acrj.org.br\/wp-content\/uploads\/2023\/08\/publico1-1536x800.jpg 1536w, https:\/\/acrj.org.br\/wp-content\/uploads\/2023\/08\/publico1-2048x1067.jpg 2048w\" sizes=\"(max-width: 1024px) 100vw, 1024px\" \/><\/figure>\n\n\n\n<figure class=\"wp-block-image size-large\"><img loading=\"lazy\" decoding=\"async\" width=\"1024\" height=\"784\" data-id=\"18429\" src=\"https:\/\/acrj.org.br\/wp-content\/uploads\/2023\/08\/publico3-1024x784.jpg\" alt=\"\" class=\"wp-image-18429\" srcset=\"https:\/\/acrj.org.br\/wp-content\/uploads\/2023\/08\/publico3-1024x784.jpg 1024w, https:\/\/acrj.org.br\/wp-content\/uploads\/2023\/08\/publico3-600x459.jpg 600w, https:\/\/acrj.org.br\/wp-content\/uploads\/2023\/08\/publico3-300x230.jpg 300w, https:\/\/acrj.org.br\/wp-content\/uploads\/2023\/08\/publico3-768x588.jpg 768w, https:\/\/acrj.org.br\/wp-content\/uploads\/2023\/08\/publico3-1536x1176.jpg 1536w, https:\/\/acrj.org.br\/wp-content\/uploads\/2023\/08\/publico3-2048x1568.jpg 2048w\" sizes=\"(max-width: 1024px) 100vw, 1024px\" \/><\/figure>\n\n\n\n<figure class=\"wp-block-image size-large\"><img loading=\"lazy\" decoding=\"async\" width=\"1024\" height=\"768\" data-id=\"18430\" src=\"https:\/\/acrj.org.br\/wp-content\/uploads\/2023\/08\/senador-portinho-e-josier-1024x768.jpg\" alt=\"\" class=\"wp-image-18430\" srcset=\"https:\/\/acrj.org.br\/wp-content\/uploads\/2023\/08\/senador-portinho-e-josier-1024x768.jpg 1024w, https:\/\/acrj.org.br\/wp-content\/uploads\/2023\/08\/senador-portinho-e-josier-scaled-600x450.jpg 600w, https:\/\/acrj.org.br\/wp-content\/uploads\/2023\/08\/senador-portinho-e-josier-300x225.jpg 300w, https:\/\/acrj.org.br\/wp-content\/uploads\/2023\/08\/senador-portinho-e-josier-768x576.jpg 768w, https:\/\/acrj.org.br\/wp-content\/uploads\/2023\/08\/senador-portinho-e-josier-1536x1152.jpg 1536w, https:\/\/acrj.org.br\/wp-content\/uploads\/2023\/08\/senador-portinho-e-josier-2048x1536.jpg 2048w\" sizes=\"(max-width: 1024px) 100vw, 1024px\" \/><\/figure>\n<\/figure>\n","protected":false},"excerpt":{"rendered":"<p>O presidente da ACRJ, Josier Vilar, reuniu, dia 25\/8, o senador Carlos Portinho e os tributaristas Gustavo Brigagao e Ilan Gorin para um debate sobre&hellip;<\/p>\n","protected":false},"author":3,"featured_media":18425,"comment_status":"closed","ping_status":"closed","sticky":false,"template":"","format":"standard","meta":{"_exactmetrics_skip_tracking":false,"_exactmetrics_sitenote_active":false,"_exactmetrics_sitenote_note":"","_exactmetrics_sitenote_category":0,"footnotes":""},"categories":[6],"tags":[],"class_list":["post-18421","post","type-post","status-publish","format-standard","has-post-thumbnail","hentry","category-destaque_noticias"],"_links":{"self":[{"href":"https:\/\/acrj.org.br\/index.php\/wp-json\/wp\/v2\/posts\/18421","targetHints":{"allow":["GET"]}}],"collection":[{"href":"https:\/\/acrj.org.br\/index.php\/wp-json\/wp\/v2\/posts"}],"about":[{"href":"https:\/\/acrj.org.br\/index.php\/wp-json\/wp\/v2\/types\/post"}],"author":[{"embeddable":true,"href":"https:\/\/acrj.org.br\/index.php\/wp-json\/wp\/v2\/users\/3"}],"replies":[{"embeddable":true,"href":"https:\/\/acrj.org.br\/index.php\/wp-json\/wp\/v2\/comments?post=18421"}],"version-history":[{"count":0,"href":"https:\/\/acrj.org.br\/index.php\/wp-json\/wp\/v2\/posts\/18421\/revisions"}],"wp:featuredmedia":[{"embeddable":true,"href":"https:\/\/acrj.org.br\/index.php\/wp-json\/wp\/v2\/media\/18425"}],"wp:attachment":[{"href":"https:\/\/acrj.org.br\/index.php\/wp-json\/wp\/v2\/media?parent=18421"}],"wp:term":[{"taxonomy":"category","embeddable":true,"href":"https:\/\/acrj.org.br\/index.php\/wp-json\/wp\/v2\/categories?post=18421"},{"taxonomy":"post_tag","embeddable":true,"href":"https:\/\/acrj.org.br\/index.php\/wp-json\/wp\/v2\/tags?post=18421"}],"curies":[{"name":"wp","href":"https:\/\/api.w.org\/{rel}","templated":true}]}}