{"id":18027,"date":"2023-08-15T11:50:11","date_gmt":"2023-08-15T14:50:11","guid":{"rendered":"https:\/\/acrj.org.br\/?p=18027"},"modified":"2023-08-22T14:41:27","modified_gmt":"2023-08-22T17:41:27","slug":"bruna-caram-assemany-moreira","status":"publish","type":"post","link":"https:\/\/acrj.org.br\/index.php\/2023\/08\/15\/bruna-caram-assemany-moreira\/","title":{"rendered":"Bruna Caram Assemany Moreira"},"content":{"rendered":"\n<p>Formada em Educa\u00e7\u00e3o F\u00edsica plena pela Est\u00e1cio de S\u00e1. Se especializou na modalidade t\u00eanis com cursos no Brasil e no exterior. Fundou sua pr\u00f3pria escola de t\u00eanis no Clube Monte L\u00edbano em 2009. Coordenou o programa kids da academia Tennis Route de 2013 a 2017. Levou o t\u00eanis com o programa Jogue T\u00eanis na Escola para escolas no Rio de Janeiro. Em 2016 fundou a Liga T\u00eanis 10, movimento de fomento da base do t\u00eanis para que mais crian\u00e7as e fam\u00edlias se conectem com o esporte. Atualmente \u00e9 refer\u00eancia na organiza\u00e7\u00e3o de torneios infantis no Brasil, e, em paralelo, apoia jogadores profissionais com o intuito de criar um canal onde mais crian\u00e7as e fam\u00edlias possam se conectar com atletas de alto rendimento; promove workshops para treinadores de t\u00eanis trazendo conhecimento internacional para o Brasil; e destina 10% das vagas das a\u00e7\u00f5es da Liga aos projetos sociais. Desde 2022, coordena a parte infantil da Rio Tennis Academy, e a partir do segundo semestre de 2023 lidera a modalidade t\u00eanis na escola Eleva &#8211; unidade Barra.<\/p>\n","protected":false},"excerpt":{"rendered":"<p>Membro do Conselho Empresarial de Esporte, Lazer e Desenvolvimento Social<\/p>\n","protected":false},"author":1,"featured_media":0,"comment_status":"closed","ping_status":"closed","sticky":false,"template":"","format":"standard","meta":{"_exactmetrics_skip_tracking":false,"_exactmetrics_sitenote_active":false,"_exactmetrics_sitenote_note":"","_exactmetrics_sitenote_category":0,"footnotes":""},"categories":[36],"tags":[],"class_list":["post-18027","post","type-post","status-publish","format-standard","hentry","category-perfil"],"_links":{"self":[{"href":"https:\/\/acrj.org.br\/index.php\/wp-json\/wp\/v2\/posts\/18027","targetHints":{"allow":["GET"]}}],"collection":[{"href":"https:\/\/acrj.org.br\/index.php\/wp-json\/wp\/v2\/posts"}],"about":[{"href":"https:\/\/acrj.org.br\/index.php\/wp-json\/wp\/v2\/types\/post"}],"author":[{"embeddable":true,"href":"https:\/\/acrj.org.br\/index.php\/wp-json\/wp\/v2\/users\/1"}],"replies":[{"embeddable":true,"href":"https:\/\/acrj.org.br\/index.php\/wp-json\/wp\/v2\/comments?post=18027"}],"version-history":[{"count":0,"href":"https:\/\/acrj.org.br\/index.php\/wp-json\/wp\/v2\/posts\/18027\/revisions"}],"wp:attachment":[{"href":"https:\/\/acrj.org.br\/index.php\/wp-json\/wp\/v2\/media?parent=18027"}],"wp:term":[{"taxonomy":"category","embeddable":true,"href":"https:\/\/acrj.org.br\/index.php\/wp-json\/wp\/v2\/categories?post=18027"},{"taxonomy":"post_tag","embeddable":true,"href":"https:\/\/acrj.org.br\/index.php\/wp-json\/wp\/v2\/tags?post=18027"}],"curies":[{"name":"wp","href":"https:\/\/api.w.org\/{rel}","templated":true}]}}