{"id":17950,"date":"2023-08-11T17:07:45","date_gmt":"2023-08-11T20:07:45","guid":{"rendered":"https:\/\/acrj.org.br\/?p=17950"},"modified":"2023-08-11T17:09:15","modified_gmt":"2023-08-11T20:09:15","slug":"representante-da-acrj-participa-do-lancamento-do-novo-pac-do-governo-federal","status":"publish","type":"post","link":"https:\/\/acrj.org.br\/index.php\/2023\/08\/11\/representante-da-acrj-participa-do-lancamento-do-novo-pac-do-governo-federal\/","title":{"rendered":"Representante da ACRJ participa do lan\u00e7amento do Novo PAC do Governo Federal"},"content":{"rendered":"\n<p>A ACRJ esteve presente na cerim\u00f4nia de lan\u00e7amento do Novo PAC, pelo Governo Federal, realizada nesta 6\u00aa feira (11\/8), no Theatro Municipal do Rio de Janeiro. O investimento total previsto \u00e9 de quase R$ 1,7 trilh\u00e3o em \u00e1reas como sa\u00fade, educa\u00e7\u00e3o, transporte, energia, entre outras. A maior fonte de recursos vir\u00e1 do setor privado e chega a R$ 612 bilh\u00f5es. Os demais est\u00e3o divididos entre o Or\u00e7amento Geral da Uni\u00e3o, setor p\u00fablico e financiamentos<\/p>\n\n\n\n<p>O evento contou com a participa\u00e7\u00e3o do presidente da Rep\u00fablica, Lu\u00eds In\u00e1cio Lula da Silva; do vice-presidente, Geraldo Alckmin; do governador do Rio de Janeiro, Claudio Castro; do prefeito do Rio, Eduardo Paes; al\u00e9m de ministros e parlamentares. E teve a presen\u00e7a do presidente em exerc\u00edcio da ACRJ, Eduardo Rebuzzi, que tamb\u00e9m preside a Fetranscarga; do presidente da CNT, Vander Costa; e do assessor Matheus Jasper.<\/p>\n","protected":false},"excerpt":{"rendered":"<p>A ACRJ esteve presente na cerim\u00f4nia de lan\u00e7amento do Novo PAC, pelo Governo Federal, realizada nesta 6\u00aa feira (11\/8), no Theatro Municipal do Rio de&hellip;<\/p>\n","protected":false},"author":3,"featured_media":17951,"comment_status":"closed","ping_status":"closed","sticky":false,"template":"","format":"standard","meta":{"_exactmetrics_skip_tracking":false,"_exactmetrics_sitenote_active":false,"_exactmetrics_sitenote_note":"","_exactmetrics_sitenote_category":0,"footnotes":""},"categories":[10],"tags":[],"class_list":["post-17950","post","type-post","status-publish","format-standard","has-post-thumbnail","hentry","category-noticias"],"_links":{"self":[{"href":"https:\/\/acrj.org.br\/index.php\/wp-json\/wp\/v2\/posts\/17950","targetHints":{"allow":["GET"]}}],"collection":[{"href":"https:\/\/acrj.org.br\/index.php\/wp-json\/wp\/v2\/posts"}],"about":[{"href":"https:\/\/acrj.org.br\/index.php\/wp-json\/wp\/v2\/types\/post"}],"author":[{"embeddable":true,"href":"https:\/\/acrj.org.br\/index.php\/wp-json\/wp\/v2\/users\/3"}],"replies":[{"embeddable":true,"href":"https:\/\/acrj.org.br\/index.php\/wp-json\/wp\/v2\/comments?post=17950"}],"version-history":[{"count":0,"href":"https:\/\/acrj.org.br\/index.php\/wp-json\/wp\/v2\/posts\/17950\/revisions"}],"wp:featuredmedia":[{"embeddable":true,"href":"https:\/\/acrj.org.br\/index.php\/wp-json\/wp\/v2\/media\/17951"}],"wp:attachment":[{"href":"https:\/\/acrj.org.br\/index.php\/wp-json\/wp\/v2\/media?parent=17950"}],"wp:term":[{"taxonomy":"category","embeddable":true,"href":"https:\/\/acrj.org.br\/index.php\/wp-json\/wp\/v2\/categories?post=17950"},{"taxonomy":"post_tag","embeddable":true,"href":"https:\/\/acrj.org.br\/index.php\/wp-json\/wp\/v2\/tags?post=17950"}],"curies":[{"name":"wp","href":"https:\/\/api.w.org\/{rel}","templated":true}]}}