{"id":17900,"date":"2023-08-10T16:39:41","date_gmt":"2023-08-10T19:39:41","guid":{"rendered":"https:\/\/acrj.org.br\/?p=17900"},"modified":"2023-08-10T16:41:10","modified_gmt":"2023-08-10T19:41:10","slug":"presidente-me-exercicio-da-acrj-participa-de-seminario-sobre-seguranca-na-alerj","status":"publish","type":"post","link":"https:\/\/acrj.org.br\/index.php\/2023\/08\/10\/presidente-me-exercicio-da-acrj-participa-de-seminario-sobre-seguranca-na-alerj\/","title":{"rendered":"Presidente em exerc\u00edcio da ACRJ participa de semin\u00e1rio sobre seguran\u00e7a na ALERJ"},"content":{"rendered":"\n<p>O presidente em exerc\u00edcio da ACRJ, Eduardo Rebuzzi, participou como palestrante no evento: Semin\u00e1rio&nbsp; de Seguran\u00e7a P\u00fablica e Viol\u00eancia Urbana &#8211; 2023, realizado na ALERJ e presidido pelo Deputado Federal General Eduardo Pazuello. O evento contou com a presen\u00e7a de parlamentares Federais, Estaduais e Municipais, al\u00e9m de autoridades do Minist\u00e9rio P\u00fablico, Judici\u00e1rio e Executivo.<\/p>\n\n\n\n<p>Eduardo Rebuzzi, que tamb\u00e9m preside o Conselho Empresarial de Log\u00edstica e Transporte da Associa\u00e7\u00e3o Comercial e a Fetranscarga, abordou o tema &#8220;Roubo de Cargas\u201d, tratando o assunto no aspecto de suas consequ\u00eancias e fazendo sugest\u00f5es para redu\u00e7\u00e3o nos elevados \u00edndices no Rio de Janeiro, que tanto prejudica a economia do Estado e a sociedade em geral.<\/p>\n\n\n\n<figure class=\"wp-block-image size-large is-resized\"><img fetchpriority=\"high\" decoding=\"async\" src=\"https:\/\/acrj.org.br\/wp-content\/uploads\/2023\/08\/rebuzzi-seminario-Alerj-1024x764.jpeg\" alt=\"\" class=\"wp-image-17893\" style=\"width:290px;height:216px\" width=\"290\" height=\"216\" srcset=\"https:\/\/acrj.org.br\/wp-content\/uploads\/2023\/08\/rebuzzi-seminario-Alerj-1024x764.jpeg 1024w, https:\/\/acrj.org.br\/wp-content\/uploads\/2023\/08\/rebuzzi-seminario-Alerj-600x448.jpeg 600w, https:\/\/acrj.org.br\/wp-content\/uploads\/2023\/08\/rebuzzi-seminario-Alerj-300x224.jpeg 300w, https:\/\/acrj.org.br\/wp-content\/uploads\/2023\/08\/rebuzzi-seminario-Alerj-768x573.jpeg 768w, https:\/\/acrj.org.br\/wp-content\/uploads\/2023\/08\/rebuzzi-seminario-Alerj.jpeg 1080w\" sizes=\"(max-width: 290px) 100vw, 290px\" \/><figcaption class=\"wp-element-caption\">Participantes do evento<\/figcaption><\/figure>\n","protected":false},"excerpt":{"rendered":"<p>O presidente em exerc\u00edcio da ACRJ, Eduardo Rebuzzi, participou como palestrante no evento: Semin\u00e1rio&nbsp; de Seguran\u00e7a P\u00fablica e Viol\u00eancia Urbana &#8211; 2023, realizado na ALERJ&hellip;<\/p>\n","protected":false},"author":3,"featured_media":17889,"comment_status":"closed","ping_status":"closed","sticky":false,"template":"","format":"standard","meta":{"_exactmetrics_skip_tracking":false,"_exactmetrics_sitenote_active":false,"_exactmetrics_sitenote_note":"","_exactmetrics_sitenote_category":0,"footnotes":""},"categories":[10],"tags":[],"class_list":["post-17900","post","type-post","status-publish","format-standard","has-post-thumbnail","hentry","category-noticias"],"_links":{"self":[{"href":"https:\/\/acrj.org.br\/index.php\/wp-json\/wp\/v2\/posts\/17900","targetHints":{"allow":["GET"]}}],"collection":[{"href":"https:\/\/acrj.org.br\/index.php\/wp-json\/wp\/v2\/posts"}],"about":[{"href":"https:\/\/acrj.org.br\/index.php\/wp-json\/wp\/v2\/types\/post"}],"author":[{"embeddable":true,"href":"https:\/\/acrj.org.br\/index.php\/wp-json\/wp\/v2\/users\/3"}],"replies":[{"embeddable":true,"href":"https:\/\/acrj.org.br\/index.php\/wp-json\/wp\/v2\/comments?post=17900"}],"version-history":[{"count":0,"href":"https:\/\/acrj.org.br\/index.php\/wp-json\/wp\/v2\/posts\/17900\/revisions"}],"wp:featuredmedia":[{"embeddable":true,"href":"https:\/\/acrj.org.br\/index.php\/wp-json\/wp\/v2\/media\/17889"}],"wp:attachment":[{"href":"https:\/\/acrj.org.br\/index.php\/wp-json\/wp\/v2\/media?parent=17900"}],"wp:term":[{"taxonomy":"category","embeddable":true,"href":"https:\/\/acrj.org.br\/index.php\/wp-json\/wp\/v2\/categories?post=17900"},{"taxonomy":"post_tag","embeddable":true,"href":"https:\/\/acrj.org.br\/index.php\/wp-json\/wp\/v2\/tags?post=17900"}],"curies":[{"name":"wp","href":"https:\/\/api.w.org\/{rel}","templated":true}]}}