{"id":1783,"date":"2019-10-25T19:08:00","date_gmt":"2019-10-25T22:08:00","guid":{"rendered":"http:\/\/acrj2020.profissional.ws\/?p=1783"},"modified":"2023-06-06T10:40:15","modified_gmt":"2023-06-06T13:40:15","slug":"presidente-do-bb-fala-sobre-a-privatizacao-do-banco-e-parcerias-internacionais-durante-palestra-na-acrj","status":"publish","type":"post","link":"https:\/\/acrj.org.br\/index.php\/2019\/10\/25\/presidente-do-bb-fala-sobre-a-privatizacao-do-banco-e-parcerias-internacionais-durante-palestra-na-acrj\/","title":{"rendered":"Presidente do BB fala sobre a privatiza\u00e7\u00e3o do banco e parcerias internacionais"},"content":{"rendered":"\t\t<div data-elementor-type=\"wp-post\" data-elementor-id=\"1783\" class=\"elementor elementor-1783\" data-elementor-post-type=\"post\">\n\t\t\t\t\t\t<section class=\"elementor-section elementor-top-section elementor-element elementor-element-41b8bb77 elementor-section-boxed elementor-section-height-default elementor-section-height-default\" data-id=\"41b8bb77\" data-element_type=\"section\" data-e-type=\"section\">\n\t\t\t\t\t\t<div class=\"elementor-container elementor-column-gap-default\">\n\t\t\t\t\t<div class=\"elementor-column elementor-col-100 elementor-top-column elementor-element elementor-element-7b8b52f0\" data-id=\"7b8b52f0\" data-element_type=\"column\" data-e-type=\"column\">\n\t\t\t<div class=\"elementor-widget-wrap elementor-element-populated\">\n\t\t\t\t\t\t<div class=\"elementor-element elementor-element-19738c3e elementor-widget elementor-widget-text-editor\" data-id=\"19738c3e\" data-element_type=\"widget\" data-e-type=\"widget\" data-widget_type=\"text-editor.default\">\n\t\t\t\t<div class=\"elementor-widget-container\">\n\t\t\t\t\t\t\t\t\t\n<p>O presidente do Banco do Brasil, Rubem Novaes, foi o convidado da ACRJ para o Almo\u00e7o do Empres\u00e1rio, nesta sexta (25\/10) e falou, entre outros assuntos, sobre a privatiza\u00e7\u00e3o do BB. \u201c\u00c9 uma opini\u00e3o minha, n\u00e3o \u00e9 uma opini\u00e3o de governo e muito menos teria o respaldo de toda a classe pol\u00edtica, mas eu acho que em algum momento a privatiza\u00e7\u00e3o do Banco do Brasil ser\u00e1 inevit\u00e1vel\u201d, afirmou Novaes.<\/p>\n\n\n\n<p>Segundo o presidente do BB, uma empresa p\u00fablica n\u00e3o consegue acompanhar o ritmo das novas tecnologias. \u201dFica muito dif\u00edcil em uma institui\u00e7\u00e3o ligada a governos acompanhar esse ritmo. Competimos com uma esp\u00e9cie de bola de ferro na canela\u201d, explicou\u201d.&nbsp;<\/p>\n\n\n\n<p>De acordo com Rubem Novaes, o banco \u00e9 extremamente eficiente, mas esse problema ter\u00e1 que ser enfrentado no futuro. A expectativa dele \u00e9 que o governo e a classe pol\u00edtica entendam, apesar de achar que as pessoas acreditam que a presen\u00e7a do governo no mercado de cr\u00e9dito \u00e9 importante e que o papel do BB na agricultura n\u00e3o possa ser substitu\u00eddo por bancos privados. Para Novaes, todos os mecanismos de indu\u00e7\u00e3o para o cr\u00e9dito rural podem ser usados de maneira generalizada.&nbsp;<\/p>\n\n\n\n<p>Ele adiantou que o BB tem interesse em privatizar tudo o que n\u00e3o seja seu neg\u00f3cio principal e que at\u00e9 7 de novembro ser\u00e1 assinada a parceria com a institui\u00e7\u00e3o su\u00ed\u00e7a UBS na \u00e1rea de investimento e corretora.&nbsp; A empresa global de servi\u00e7os financeiros ficar\u00e1 com mais de 50% do capital. O presidente do BB anunciou tamb\u00e9m que est\u00e1 em andamento outra parceria, desta vez para a \u00e1rea de asset management (gest\u00e3o de ativos) com uma grande empresa de administra\u00e7\u00e3o de ativos internacional.&nbsp;<\/p>\n\n\n\n<p>Ao longo da apresenta\u00e7\u00e3o, o presidente do BB disse que as prioridades do banco s\u00e3o: concentra\u00e7\u00e3o no core business e nos neg\u00f3cios com sinergia; aloca\u00e7\u00e3o \u00f3tima de capital; conten\u00e7\u00e3o de custos; moderniza\u00e7\u00e3o tecnol\u00f3gica; rejuvenescimento da base de clientes e foco no cliente. Ainda comentou sobre a capta\u00e7\u00e3o da oferta p\u00fablica de a\u00e7\u00f5es secund\u00e1rias de R$ 5,8 bilh\u00f5es.<\/p>\n\n\n\n<p>O presidente disse ainda que o crescimento do banco esse ano dever\u00e1 ser de 17% a 17,5%, muito pr\u00f3ximo dos grandes bancos privados. Ele ressaltou que o governo tem adotado medidas que vem destravando a economia, entre elas a Reforma da Previd\u00eancia e o c\u00e2mbio mais competitivo. \u201cFiquem certos que os tempos piores j\u00e1 ficaram para tr\u00e1s. N\u00f3s vamos agora come\u00e7ar a colher os resultados dos esfor\u00e7os que foram feitos e das coisas certas realizadas e que precisavam ser feitas para o pa\u00eds\u201d, finalizou o presidente do Banco do Brasil.<\/p>\n\n\n\n<p>A presidente da Associa\u00e7\u00e3o Comercial do Rio de Janeiro, Angela Costa, comemorou a informa\u00e7\u00e3o que os tempos ruins ficaram para tr\u00e1s. \u201cSa\u00edmos daqui hoje, principalmente com sua mensagem final, sabendo que sa\u00edmos do fundo do buraco e que o caminho ainda \u00e9 longo, mas que n\u00f3s somos persistente e vamos vencer\u201d.<\/p>\n\t\t\t\t\t\t\t\t<\/div>\n\t\t\t\t<\/div>\n\t\t\t\t\t<\/div>\n\t\t<\/div>\n\t\t\t\t\t<\/div>\n\t\t<\/section>\n\t\t\t\t<section class=\"elementor-section elementor-top-section elementor-element elementor-element-17a725a elementor-section-boxed elementor-section-height-default elementor-section-height-default\" data-id=\"17a725a\" data-element_type=\"section\" data-e-type=\"section\">\n\t\t\t\t\t\t<div class=\"elementor-container elementor-column-gap-default\">\n\t\t\t\t\t<div class=\"elementor-column elementor-col-100 elementor-top-column elementor-element elementor-element-e737942\" data-id=\"e737942\" data-element_type=\"column\" data-e-type=\"column\">\n\t\t\t<div class=\"elementor-widget-wrap elementor-element-populated\">\n\t\t\t\t\t\t<div class=\"elementor-element elementor-element-482b157 elementor-widget elementor-widget-gallery\" data-id=\"482b157\" data-element_type=\"widget\" data-e-type=\"widget\" data-settings=\"{&quot;lazyload&quot;:&quot;yes&quot;,&quot;gallery_layout&quot;:&quot;grid&quot;,&quot;columns&quot;:4,&quot;columns_tablet&quot;:2,&quot;columns_mobile&quot;:1,&quot;gap&quot;:{&quot;unit&quot;:&quot;px&quot;,&quot;size&quot;:10,&quot;sizes&quot;:[]},&quot;gap_tablet&quot;:{&quot;unit&quot;:&quot;px&quot;,&quot;size&quot;:10,&quot;sizes&quot;:[]},&quot;gap_mobile&quot;:{&quot;unit&quot;:&quot;px&quot;,&quot;size&quot;:10,&quot;sizes&quot;:[]},&quot;link_to&quot;:&quot;file&quot;,&quot;aspect_ratio&quot;:&quot;3:2&quot;,&quot;overlay_background&quot;:&quot;yes&quot;,&quot;content_hover_animation&quot;:&quot;fade-in&quot;}\" data-widget_type=\"gallery.default\">\n\t\t\t\t<div class=\"elementor-widget-container\">\n\t\t\t\t\t\t\t<div class=\"elementor-gallery__container\">\n\t\t\t\t\t\t\t<a class=\"e-gallery-item elementor-gallery-item elementor-animated-content\" href=\"https:\/\/acrj.org.br\/wp-content\/uploads\/2020\/02\/materia_dsc_5268.jpg\" data-elementor-open-lightbox=\"yes\" data-elementor-lightbox-slideshow=\"482b157\" data-elementor-lightbox-title=\"materia_dsc_5268\" data-e-action-hash=\"#elementor-action%3Aaction%3Dlightbox%26settings%3DeyJpZCI6MTc5MCwidXJsIjoiaHR0cHM6XC9cL2Fjcmoub3JnLmJyXC93cC1jb250ZW50XC91cGxvYWRzXC8yMDIwXC8wMlwvbWF0ZXJpYV9kc2NfNTI2OC5qcGciLCJzbGlkZXNob3ciOiI0ODJiMTU3In0%3D\">\n\t\t\t\t\t<div class=\"e-gallery-image elementor-gallery-item__image\" data-thumbnail=\"https:\/\/acrj.org.br\/wp-content\/uploads\/2020\/02\/materia_dsc_5268-300x223.jpg\" data-width=\"300\" data-height=\"223\" aria-label=\"\" role=\"img\" ><\/div>\n\t\t\t\t\t\t\t\t\t\t\t<div class=\"elementor-gallery-item__overlay\"><\/div>\n\t\t\t\t\t\t\t\t\t\t\t\t\t\t<\/a>\n\t\t\t\t\t\t\t<a class=\"e-gallery-item elementor-gallery-item elementor-animated-content\" href=\"https:\/\/acrj.org.br\/wp-content\/uploads\/2020\/02\/dsc_5354-scaled.jpg\" data-elementor-open-lightbox=\"yes\" data-elementor-lightbox-slideshow=\"482b157\" data-elementor-lightbox-title=\"dsc_5354\" data-e-action-hash=\"#elementor-action%3Aaction%3Dlightbox%26settings%3DeyJpZCI6MTc4OSwidXJsIjoiaHR0cHM6XC9cL2Fjcmoub3JnLmJyXC93cC1jb250ZW50XC91cGxvYWRzXC8yMDIwXC8wMlwvZHNjXzUzNTQtc2NhbGVkLmpwZyIsInNsaWRlc2hvdyI6IjQ4MmIxNTcifQ%3D%3D\">\n\t\t\t\t\t<div class=\"e-gallery-image elementor-gallery-item__image\" data-thumbnail=\"https:\/\/acrj.org.br\/wp-content\/uploads\/2020\/02\/dsc_5354-300x200.jpg\" data-width=\"300\" data-height=\"200\" aria-label=\"\" role=\"img\" ><\/div>\n\t\t\t\t\t\t\t\t\t\t\t<div class=\"elementor-gallery-item__overlay\"><\/div>\n\t\t\t\t\t\t\t\t\t\t\t\t\t\t<\/a>\n\t\t\t\t\t\t\t<a class=\"e-gallery-item elementor-gallery-item elementor-animated-content\" href=\"https:\/\/acrj.org.br\/wp-content\/uploads\/2020\/02\/dsc_5313-scaled.jpg\" data-elementor-open-lightbox=\"yes\" data-elementor-lightbox-slideshow=\"482b157\" data-elementor-lightbox-title=\"dsc_5313\" data-e-action-hash=\"#elementor-action%3Aaction%3Dlightbox%26settings%3DeyJpZCI6MTc4OCwidXJsIjoiaHR0cHM6XC9cL2Fjcmoub3JnLmJyXC93cC1jb250ZW50XC91cGxvYWRzXC8yMDIwXC8wMlwvZHNjXzUzMTMtc2NhbGVkLmpwZyIsInNsaWRlc2hvdyI6IjQ4MmIxNTcifQ%3D%3D\">\n\t\t\t\t\t<div class=\"e-gallery-image elementor-gallery-item__image\" data-thumbnail=\"https:\/\/acrj.org.br\/wp-content\/uploads\/2020\/02\/dsc_5313-300x200.jpg\" data-width=\"300\" data-height=\"200\" aria-label=\"\" role=\"img\" ><\/div>\n\t\t\t\t\t\t\t\t\t\t\t<div class=\"elementor-gallery-item__overlay\"><\/div>\n\t\t\t\t\t\t\t\t\t\t\t\t\t\t<\/a>\n\t\t\t\t\t\t\t<a class=\"e-gallery-item elementor-gallery-item elementor-animated-content\" href=\"https:\/\/acrj.org.br\/wp-content\/uploads\/2020\/02\/dsc_5219-scaled.jpg\" data-elementor-open-lightbox=\"yes\" data-elementor-lightbox-slideshow=\"482b157\" data-elementor-lightbox-title=\"dsc_5219\" data-e-action-hash=\"#elementor-action%3Aaction%3Dlightbox%26settings%3DeyJpZCI6MTc4NywidXJsIjoiaHR0cHM6XC9cL2Fjcmoub3JnLmJyXC93cC1jb250ZW50XC91cGxvYWRzXC8yMDIwXC8wMlwvZHNjXzUyMTktc2NhbGVkLmpwZyIsInNsaWRlc2hvdyI6IjQ4MmIxNTcifQ%3D%3D\">\n\t\t\t\t\t<div class=\"e-gallery-image elementor-gallery-item__image\" data-thumbnail=\"https:\/\/acrj.org.br\/wp-content\/uploads\/2020\/02\/dsc_5219-300x200.jpg\" data-width=\"300\" data-height=\"200\" aria-label=\"\" role=\"img\" ><\/div>\n\t\t\t\t\t\t\t\t\t\t\t<div class=\"elementor-gallery-item__overlay\"><\/div>\n\t\t\t\t\t\t\t\t\t\t\t\t\t\t<\/a>\n\t\t\t\t\t\t\t<a class=\"e-gallery-item elementor-gallery-item elementor-animated-content\" href=\"https:\/\/acrj.org.br\/wp-content\/uploads\/2020\/02\/dsc_5155-scaled.jpg\" data-elementor-open-lightbox=\"yes\" data-elementor-lightbox-slideshow=\"482b157\" data-elementor-lightbox-title=\"dsc_5155\" data-e-action-hash=\"#elementor-action%3Aaction%3Dlightbox%26settings%3DeyJpZCI6MTc4NiwidXJsIjoiaHR0cHM6XC9cL2Fjcmoub3JnLmJyXC93cC1jb250ZW50XC91cGxvYWRzXC8yMDIwXC8wMlwvZHNjXzUxNTUtc2NhbGVkLmpwZyIsInNsaWRlc2hvdyI6IjQ4MmIxNTcifQ%3D%3D\">\n\t\t\t\t\t<div class=\"e-gallery-image elementor-gallery-item__image\" data-thumbnail=\"https:\/\/acrj.org.br\/wp-content\/uploads\/2020\/02\/dsc_5155-300x200.jpg\" data-width=\"300\" data-height=\"200\" aria-label=\"\" role=\"img\" ><\/div>\n\t\t\t\t\t\t\t\t\t\t\t<div class=\"elementor-gallery-item__overlay\"><\/div>\n\t\t\t\t\t\t\t\t\t\t\t\t\t\t<\/a>\n\t\t\t\t\t\t\t<a class=\"e-gallery-item elementor-gallery-item elementor-animated-content\" href=\"https:\/\/acrj.org.br\/wp-content\/uploads\/2020\/02\/dsc_5149-scaled.jpg\" data-elementor-open-lightbox=\"yes\" data-elementor-lightbox-slideshow=\"482b157\" data-elementor-lightbox-title=\"dsc_5149\" data-e-action-hash=\"#elementor-action%3Aaction%3Dlightbox%26settings%3DeyJpZCI6MTc4NSwidXJsIjoiaHR0cHM6XC9cL2Fjcmoub3JnLmJyXC93cC1jb250ZW50XC91cGxvYWRzXC8yMDIwXC8wMlwvZHNjXzUxNDktc2NhbGVkLmpwZyIsInNsaWRlc2hvdyI6IjQ4MmIxNTcifQ%3D%3D\">\n\t\t\t\t\t<div class=\"e-gallery-image elementor-gallery-item__image\" data-thumbnail=\"https:\/\/acrj.org.br\/wp-content\/uploads\/2020\/02\/dsc_5149-300x200.jpg\" data-width=\"300\" data-height=\"200\" aria-label=\"\" role=\"img\" ><\/div>\n\t\t\t\t\t\t\t\t\t\t\t<div class=\"elementor-gallery-item__overlay\"><\/div>\n\t\t\t\t\t\t\t\t\t\t\t\t\t\t<\/a>\n\t\t\t\t\t\t\t<a class=\"e-gallery-item elementor-gallery-item elementor-animated-content\" href=\"https:\/\/acrj.org.br\/wp-content\/uploads\/2020\/02\/dsc_5148-scaled.jpg\" data-elementor-open-lightbox=\"yes\" data-elementor-lightbox-slideshow=\"482b157\" data-elementor-lightbox-title=\"dsc_5148\" data-e-action-hash=\"#elementor-action%3Aaction%3Dlightbox%26settings%3DeyJpZCI6MTc4NCwidXJsIjoiaHR0cHM6XC9cL2Fjcmoub3JnLmJyXC93cC1jb250ZW50XC91cGxvYWRzXC8yMDIwXC8wMlwvZHNjXzUxNDgtc2NhbGVkLmpwZyIsInNsaWRlc2hvdyI6IjQ4MmIxNTcifQ%3D%3D\">\n\t\t\t\t\t<div class=\"e-gallery-image elementor-gallery-item__image\" data-thumbnail=\"https:\/\/acrj.org.br\/wp-content\/uploads\/2020\/02\/dsc_5148-300x200.jpg\" data-width=\"300\" data-height=\"200\" aria-label=\"\" role=\"img\" ><\/div>\n\t\t\t\t\t\t\t\t\t\t\t<div class=\"elementor-gallery-item__overlay\"><\/div>\n\t\t\t\t\t\t\t\t\t\t\t\t\t\t<\/a>\n\t\t\t\t\t\t\t<a class=\"e-gallery-item elementor-gallery-item elementor-animated-content\" href=\"https:\/\/acrj.org.br\/wp-content\/uploads\/2020\/02\/materia_dsc_5288.jpg\" data-elementor-open-lightbox=\"yes\" data-elementor-lightbox-slideshow=\"482b157\" data-elementor-lightbox-title=\"materia_dsc_5288\" data-e-action-hash=\"#elementor-action%3Aaction%3Dlightbox%26settings%3DeyJpZCI6MTc5MSwidXJsIjoiaHR0cHM6XC9cL2Fjcmoub3JnLmJyXC93cC1jb250ZW50XC91cGxvYWRzXC8yMDIwXC8wMlwvbWF0ZXJpYV9kc2NfNTI4OC5qcGciLCJzbGlkZXNob3ciOiI0ODJiMTU3In0%3D\">\n\t\t\t\t\t<div class=\"e-gallery-image elementor-gallery-item__image\" data-thumbnail=\"https:\/\/acrj.org.br\/wp-content\/uploads\/2020\/02\/materia_dsc_5288-300x223.jpg\" data-width=\"300\" data-height=\"223\" aria-label=\"\" role=\"img\" ><\/div>\n\t\t\t\t\t\t\t\t\t\t\t<div class=\"elementor-gallery-item__overlay\"><\/div>\n\t\t\t\t\t\t\t\t\t\t\t\t\t\t<\/a>\n\t\t\t\t\t<\/div>\n\t\t\t\t\t<\/div>\n\t\t\t\t<\/div>\n\t\t\t\t\t<\/div>\n\t\t<\/div>\n\t\t\t\t\t<\/div>\n\t\t<\/section>\n\t\t\t\t<\/div>\n\t\t","protected":false},"excerpt":{"rendered":"<p>O presidente do Banco do Brasil, Rubem Novaes, foi o convidado da ACRJ para o Almo\u00e7o do Empres\u00e1rio, nesta sexta (25\/10) e falou, entre outros&hellip;<\/p>\n","protected":false},"author":1,"featured_media":1791,"comment_status":"closed","ping_status":"open","sticky":false,"template":"","format":"standard","meta":{"_exactmetrics_skip_tracking":false,"_exactmetrics_sitenote_active":false,"_exactmetrics_sitenote_note":"","_exactmetrics_sitenote_category":0,"footnotes":""},"categories":[10],"tags":[],"class_list":["post-1783","post","type-post","status-publish","format-standard","has-post-thumbnail","hentry","category-noticias"],"_links":{"self":[{"href":"https:\/\/acrj.org.br\/index.php\/wp-json\/wp\/v2\/posts\/1783","targetHints":{"allow":["GET"]}}],"collection":[{"href":"https:\/\/acrj.org.br\/index.php\/wp-json\/wp\/v2\/posts"}],"about":[{"href":"https:\/\/acrj.org.br\/index.php\/wp-json\/wp\/v2\/types\/post"}],"author":[{"embeddable":true,"href":"https:\/\/acrj.org.br\/index.php\/wp-json\/wp\/v2\/users\/1"}],"replies":[{"embeddable":true,"href":"https:\/\/acrj.org.br\/index.php\/wp-json\/wp\/v2\/comments?post=1783"}],"version-history":[{"count":0,"href":"https:\/\/acrj.org.br\/index.php\/wp-json\/wp\/v2\/posts\/1783\/revisions"}],"wp:featuredmedia":[{"embeddable":true,"href":"https:\/\/acrj.org.br\/index.php\/wp-json\/wp\/v2\/media\/1791"}],"wp:attachment":[{"href":"https:\/\/acrj.org.br\/index.php\/wp-json\/wp\/v2\/media?parent=1783"}],"wp:term":[{"taxonomy":"category","embeddable":true,"href":"https:\/\/acrj.org.br\/index.php\/wp-json\/wp\/v2\/categories?post=1783"},{"taxonomy":"post_tag","embeddable":true,"href":"https:\/\/acrj.org.br\/index.php\/wp-json\/wp\/v2\/tags?post=1783"}],"curies":[{"name":"wp","href":"https:\/\/api.w.org\/{rel}","templated":true}]}}