{"id":17598,"date":"2023-08-08T12:54:56","date_gmt":"2023-08-08T15:54:56","guid":{"rendered":"https:\/\/acrj.org.br\/?p=17598"},"modified":"2023-08-09T08:07:25","modified_gmt":"2023-08-09T11:07:25","slug":"conselho-de-jovens-e-das-comunidades-da-acrj-realizam-reuniao-conjunta","status":"publish","type":"post","link":"https:\/\/acrj.org.br\/index.php\/2023\/08\/08\/conselho-de-jovens-e-das-comunidades-da-acrj-realizam-reuniao-conjunta\/","title":{"rendered":"Conselho de Jovens e das Comunidades da ACRJ realizam reuni\u00e3o conjunta"},"content":{"rendered":"\n<p>O presidente do Conselho Empresarial de Jovens da ACRJ, Pedro Rafael, e o vice, Victor Mota, receberam nesta 5\u00aa feira (8\/ago), a presidente do Conselho Empresarial de Comunidades, Novos Neg\u00f3cios e Economia Solid\u00e1ria, C\u00e9lia Domingues, e o vice, Robson Santos. O objetivo, segundo Pedro Rafael, \u00e9 dar continuidade ao trabalho que j\u00e1 vem sendo realizado de integrar os jovens aos demais conselhos tem\u00e1ticos da Casa de Mau\u00e1. \u201cNosso Conselho trabalha de forma transversal com os demais e \u00e9 bastante heterog\u00eaneo, com muitos integrantes, inclusive, de outras cidades do estado. \u00c9 muito importante esta integra\u00e7\u00e3o, j\u00e1 que temos conselheiros de diversas \u00e1reas de atua\u00e7\u00e3o, inclusive alguns com uma atua\u00e7\u00e3o intensa em Comunidades da cidade\u201d, explicou Pedro Rafael.<\/p>\n\n\n\n<p>Celia Domingues e Robson Santos falaram suas atividades junto \u00e0s comunidades e a import\u00e2ncia de trazer isso para o Conselho da ACRJ para a gera\u00e7\u00e3o de parceiras futuras. Entre outras atividades, C\u00e9lia \u00e9 presidente da Associa\u00e7\u00e3o de Mulheres Empreendedoras do Brasil (Amebras), que promove a inclus\u00e3o de mulheres da Comunidade da Mangueira, principalmente, atrav\u00e9s da qualifica\u00e7\u00e3o e da economia criativa. Ela mostrou o trabalho realizado pela Associa\u00e7\u00e3o e que est\u00e1 ajudando in\u00fameras fam\u00edlias a gerar renda.<\/p>\n\n\n\n<p>Como consultor de Impacto e Inova\u00e7\u00e3o Social, Robson tem seu trabalho voltado para a \u00e1rea de capacita\u00e7\u00e3o de jovens atrav\u00e9s da tecnologia, cria\u00e7\u00e3o de startups, desenvolvimento e gest\u00e3o de projetos sociais, entre outras a\u00e7\u00f5es. Com atua\u00e7\u00e3o especialmente na Comunidade da Mar\u00e9, ele destacou o potencial e a criatividade das comunidades e a import\u00e2ncia do apoio para se desenvolverem.<\/p>\n\n\n\n<p>Depois das apresenta\u00e7\u00f5es dos convidados, Pedro Rafael agradeceu a participa\u00e7\u00e3o deles e resumiu o encontro: \u201cfoi uma aula de estrat\u00e9gia, marketing, inova\u00e7\u00e3o, prop\u00f3sito e empreendedorismo\u201d. Ao final do encontro, C\u00e9lia Domingues fez um convite ao grupo de jovens para uma visita \u00e0 Cidade do Samba, que ser\u00e1 agendada em breve. Ela tamb\u00e9m informou sobre uma exposi\u00e7\u00e3o que vai mostrar a arte no carnaval e os bastidores da produ\u00e7\u00e3o da Mangueira, que completou 95 anos este ano. A mostra, com entrada franca, entra em cartaz dia 22 de agosto, no CRAB Sebrae &#8211; Centro de Refer\u00eancia do Artesanato Brasileiro, na Pra\u00e7a Tiradentes, Centro do Rio.<\/p>\n\n\n\n<figure class=\"wp-block-gallery has-nested-images columns-3 is-cropped wp-block-gallery-1 is-layout-flex wp-block-gallery-is-layout-flex\">\n<figure class=\"wp-block-image size-medium\"><img fetchpriority=\"high\" decoding=\"async\" width=\"300\" height=\"175\" data-id=\"17608\" src=\"https:\/\/acrj.org.br\/wp-content\/uploads\/2023\/08\/victor-e-rafael-300x175.jpg\" alt=\"\" class=\"wp-image-17608\" srcset=\"https:\/\/acrj.org.br\/wp-content\/uploads\/2023\/08\/victor-e-rafael-300x175.jpg 300w, https:\/\/acrj.org.br\/wp-content\/uploads\/2023\/08\/victor-e-rafael-scaled-600x351.jpg 600w, https:\/\/acrj.org.br\/wp-content\/uploads\/2023\/08\/victor-e-rafael-1024x599.jpg 1024w, https:\/\/acrj.org.br\/wp-content\/uploads\/2023\/08\/victor-e-rafael-768x449.jpg 768w, https:\/\/acrj.org.br\/wp-content\/uploads\/2023\/08\/victor-e-rafael-1536x898.jpg 1536w, https:\/\/acrj.org.br\/wp-content\/uploads\/2023\/08\/victor-e-rafael-2048x1197.jpg 2048w\" sizes=\"(max-width: 300px) 100vw, 300px\" \/><figcaption class=\"wp-element-caption\">Victor Mota, Pedro Rafael e C\u00e9lia Domingues<\/figcaption><\/figure>\n\n\n\n<figure class=\"wp-block-image size-large\"><img decoding=\"async\" width=\"1024\" height=\"672\" data-id=\"17604\" src=\"https:\/\/acrj.org.br\/wp-content\/uploads\/2023\/08\/robson-1024x672.jpg\" alt=\"\" class=\"wp-image-17604\" srcset=\"https:\/\/acrj.org.br\/wp-content\/uploads\/2023\/08\/robson-1024x672.jpg 1024w, https:\/\/acrj.org.br\/wp-content\/uploads\/2023\/08\/robson-scaled-600x394.jpg 600w, https:\/\/acrj.org.br\/wp-content\/uploads\/2023\/08\/robson-300x197.jpg 300w, https:\/\/acrj.org.br\/wp-content\/uploads\/2023\/08\/robson-768x504.jpg 768w, https:\/\/acrj.org.br\/wp-content\/uploads\/2023\/08\/robson-1536x1008.jpg 1536w, https:\/\/acrj.org.br\/wp-content\/uploads\/2023\/08\/robson-2048x1344.jpg 2048w\" sizes=\"(max-width: 1024px) 100vw, 1024px\" \/><figcaption class=\"wp-element-caption\">Robson Santos<\/figcaption><\/figure>\n\n\n\n<figure class=\"wp-block-image size-large\"><img decoding=\"async\" width=\"1024\" height=\"768\" data-id=\"17607\" src=\"https:\/\/acrj.org.br\/wp-content\/uploads\/2023\/08\/mesa-1024x768.jpg\" alt=\"\" class=\"wp-image-17607\" srcset=\"https:\/\/acrj.org.br\/wp-content\/uploads\/2023\/08\/mesa-1024x768.jpg 1024w, https:\/\/acrj.org.br\/wp-content\/uploads\/2023\/08\/mesa-scaled-600x450.jpg 600w, https:\/\/acrj.org.br\/wp-content\/uploads\/2023\/08\/mesa-300x225.jpg 300w, https:\/\/acrj.org.br\/wp-content\/uploads\/2023\/08\/mesa-768x576.jpg 768w, https:\/\/acrj.org.br\/wp-content\/uploads\/2023\/08\/mesa-1536x1152.jpg 1536w, https:\/\/acrj.org.br\/wp-content\/uploads\/2023\/08\/mesa-2048x1536.jpg 2048w\" sizes=\"(max-width: 1024px) 100vw, 1024px\" \/><figcaption class=\"wp-element-caption\">Reuni\u00e3o conjunta<\/figcaption><\/figure>\n<\/figure>\n","protected":false},"excerpt":{"rendered":"<p>O presidente do Conselho Empresarial de Jovens da ACRJ, Pedro Rafael, e o vice, Victor Mota, receberam nesta 5\u00aa feira (8\/ago), a presidente do Conselho&hellip;<\/p>\n","protected":false},"author":3,"featured_media":17599,"comment_status":"closed","ping_status":"open","sticky":false,"template":"","format":"standard","meta":{"_exactmetrics_skip_tracking":false,"_exactmetrics_sitenote_active":false,"_exactmetrics_sitenote_note":"","_exactmetrics_sitenote_category":0,"footnotes":""},"categories":[10],"tags":[],"class_list":["post-17598","post","type-post","status-publish","format-standard","has-post-thumbnail","hentry","category-noticias"],"_links":{"self":[{"href":"https:\/\/acrj.org.br\/index.php\/wp-json\/wp\/v2\/posts\/17598","targetHints":{"allow":["GET"]}}],"collection":[{"href":"https:\/\/acrj.org.br\/index.php\/wp-json\/wp\/v2\/posts"}],"about":[{"href":"https:\/\/acrj.org.br\/index.php\/wp-json\/wp\/v2\/types\/post"}],"author":[{"embeddable":true,"href":"https:\/\/acrj.org.br\/index.php\/wp-json\/wp\/v2\/users\/3"}],"replies":[{"embeddable":true,"href":"https:\/\/acrj.org.br\/index.php\/wp-json\/wp\/v2\/comments?post=17598"}],"version-history":[{"count":0,"href":"https:\/\/acrj.org.br\/index.php\/wp-json\/wp\/v2\/posts\/17598\/revisions"}],"wp:featuredmedia":[{"embeddable":true,"href":"https:\/\/acrj.org.br\/index.php\/wp-json\/wp\/v2\/media\/17599"}],"wp:attachment":[{"href":"https:\/\/acrj.org.br\/index.php\/wp-json\/wp\/v2\/media?parent=17598"}],"wp:term":[{"taxonomy":"category","embeddable":true,"href":"https:\/\/acrj.org.br\/index.php\/wp-json\/wp\/v2\/categories?post=17598"},{"taxonomy":"post_tag","embeddable":true,"href":"https:\/\/acrj.org.br\/index.php\/wp-json\/wp\/v2\/tags?post=17598"}],"curies":[{"name":"wp","href":"https:\/\/api.w.org\/{rel}","templated":true}]}}