{"id":1736,"date":"2019-11-06T17:33:00","date_gmt":"2019-11-06T20:33:00","guid":{"rendered":"http:\/\/acrj2020.profissional.ws\/?p=1736"},"modified":"2020-02-27T18:38:30","modified_gmt":"2020-02-27T21:38:30","slug":"major-brigadeiro-da-fab-faz-palestra-sobre-a-forca-aerea-na-acrj","status":"publish","type":"post","link":"https:\/\/acrj.org.br\/index.php\/2019\/11\/06\/major-brigadeiro-da-fab-faz-palestra-sobre-a-forca-aerea-na-acrj\/","title":{"rendered":"Major-Brigadeiro da FAB faz palestra sobre a For\u00e7a A\u00e9rea na ACRJ"},"content":{"rendered":"\t\t<div data-elementor-type=\"wp-post\" data-elementor-id=\"1736\" class=\"elementor elementor-1736\" data-elementor-post-type=\"post\">\n\t\t\t\t\t\t<section class=\"elementor-section elementor-top-section elementor-element elementor-element-7199bdd2 elementor-section-boxed elementor-section-height-default elementor-section-height-default\" data-id=\"7199bdd2\" data-element_type=\"section\" data-e-type=\"section\">\n\t\t\t\t\t\t<div class=\"elementor-container elementor-column-gap-default\">\n\t\t\t\t\t<div class=\"elementor-column elementor-col-100 elementor-top-column elementor-element elementor-element-75c0d46d\" data-id=\"75c0d46d\" data-element_type=\"column\" data-e-type=\"column\">\n\t\t\t<div class=\"elementor-widget-wrap elementor-element-populated\">\n\t\t\t\t\t\t<div class=\"elementor-element elementor-element-66f31030 elementor-widget elementor-widget-text-editor\" data-id=\"66f31030\" data-element_type=\"widget\" data-e-type=\"widget\" data-widget_type=\"text-editor.default\">\n\t\t\t\t<div class=\"elementor-widget-container\">\n\t\t\t\t\t\t\t\t\t\n<p>A For\u00e7a A\u00e9rea Brasileira foi homenageada na ACRJ pelos servi\u00e7os prestados \u00e0 na\u00e7\u00e3o e pelo dia do Aviador e da FAB, comemorado em 23 de outubro. Na ocasi\u00e3o, o Major-Brigadeiro do Ar, Mauro Martins Machado, que \u00e9 diretor de Administra\u00e7\u00e3o de Pessoal da FAB, recebeu uma placa comemorativa da presidente da ACRJ, Angela Costa, e fez uma palestra sobre a For\u00e7a A\u00e9rea e a Sociedade.<\/p>\n\n\n\n<p>Em sua apresenta\u00e7\u00e3o ele mostrou as novas aeronaves KC 390 e a Gripen. A KC 390 \u00e9 um projeto fabricado conforme requisitos da For\u00e7a A\u00e9rea e \u00e9 a maior aeronave cargueira constru\u00edda no Brasil por brasileiros. Ser\u00e3o gerados 15 mil empregos diretos e indiretos quando os 28 avi\u00f5es estiverem no ar. Sobre o ca\u00e7a Gripen, explicou que foi idealizado em coopera\u00e7\u00e3o com a Su\u00e9cia e vai gerar 2.300 empregos diretos e mais de 11 mil indiretos.&nbsp;<\/p>\n\n\n\n<p>O Major-Brigadeiro ressaltou que a FAB protege 22 milh\u00f5es quil\u00f4metros quadrados do territ\u00f3rio brasileiro, promovendo a integra\u00e7\u00e3o e zelando pela soberania nacional. Ele falou ainda da evolu\u00e7\u00e3o hist\u00f3rica e da reestrutura\u00e7\u00e3o da For\u00e7a A\u00e9rea, da profiss\u00e3o militar e da presen\u00e7a da institui\u00e7\u00e3o na vida dos brasileiros. Mauro Martins Machado lembrou que a reestrutura\u00e7\u00e3o come\u00e7ou com um estudo em 2014 e dois anos ap\u00f3s iniciou a parte pr\u00e1tica, com os avan\u00e7os tecnol\u00f3gicos. O projeto de reestrutura\u00e7\u00e3o vai at\u00e9 2041, quando a For\u00e7a A\u00e9rea completa 100 anos. At\u00e9 l\u00e1, de acordo com ele, haver\u00e1 redu\u00e7\u00e3o de pessoal em 21%.&nbsp;<\/p>\n\n\n\n<p>O diretor lembrou das iniciativas da FAB e de seu papel na sociedade. \u201cFazemos uma s\u00e9rie de a\u00e7\u00f5es importantes para a sociedade, como o transporte de \u00f3rg\u00e3os para transplantes. Em 2019, foram 121 \u00f3rg\u00e3os, tais como rins, f\u00edgados e cora\u00e7\u00f5es, conduzidos em 117 miss\u00f5es. Tamb\u00e9m realizamos 2.828 horas de voo transportando 10.915 pessoas na Opera\u00e7\u00e3o Acolhida com os venezuelanos\u201d, informou.&nbsp;<\/p>\n\n\n\n<p>Angela Costa tamb\u00e9m foi homenageada e recebeu de presente a maquete de um avi\u00e3o. Ela destacou os avan\u00e7os tecnol\u00f3gicos da FAB e a renova\u00e7\u00e3o da frota de ca\u00e7as da institui\u00e7\u00e3o. \u2018Como sabemos o primeiro, dos 36 ca\u00e7as comprados pelo governo brasileiro, foi entregue em setembro \u00faltimo, para a realiza\u00e7\u00e3o de testes de voo. Nas palavras do ministro da Defesa, Fernando Azevedo, o Gripen n\u00e3o s\u00f3 aumenta a capacidade operacional da For\u00e7a A\u00e9rea Brasileira, como impulsiona uma parceria que garante transfer\u00eancia de tecnologia para o Brasil\u201d, disse.<\/p>\n\t\t\t\t\t\t\t\t<\/div>\n\t\t\t\t<\/div>\n\t\t\t\t\t<\/div>\n\t\t<\/div>\n\t\t\t\t\t<\/div>\n\t\t<\/section>\n\t\t\t\t<section class=\"elementor-section elementor-top-section elementor-element elementor-element-e50c2e8 elementor-section-boxed elementor-section-height-default elementor-section-height-default\" data-id=\"e50c2e8\" data-element_type=\"section\" data-e-type=\"section\">\n\t\t\t\t\t\t<div class=\"elementor-container elementor-column-gap-default\">\n\t\t\t\t\t<div class=\"elementor-column elementor-col-100 elementor-top-column elementor-element elementor-element-cb82b9c\" data-id=\"cb82b9c\" data-element_type=\"column\" data-e-type=\"column\">\n\t\t\t<div class=\"elementor-widget-wrap elementor-element-populated\">\n\t\t\t\t\t\t<div class=\"elementor-element elementor-element-cba9f7c elementor-widget elementor-widget-gallery\" data-id=\"cba9f7c\" data-element_type=\"widget\" data-e-type=\"widget\" data-settings=\"{&quot;columns&quot;:3,&quot;lazyload&quot;:&quot;yes&quot;,&quot;gallery_layout&quot;:&quot;grid&quot;,&quot;columns_tablet&quot;:2,&quot;columns_mobile&quot;:1,&quot;gap&quot;:{&quot;unit&quot;:&quot;px&quot;,&quot;size&quot;:10,&quot;sizes&quot;:[]},&quot;gap_tablet&quot;:{&quot;unit&quot;:&quot;px&quot;,&quot;size&quot;:10,&quot;sizes&quot;:[]},&quot;gap_mobile&quot;:{&quot;unit&quot;:&quot;px&quot;,&quot;size&quot;:10,&quot;sizes&quot;:[]},&quot;link_to&quot;:&quot;file&quot;,&quot;aspect_ratio&quot;:&quot;3:2&quot;,&quot;overlay_background&quot;:&quot;yes&quot;,&quot;content_hover_animation&quot;:&quot;fade-in&quot;}\" data-widget_type=\"gallery.default\">\n\t\t\t\t<div class=\"elementor-widget-container\">\n\t\t\t\t\t\t\t<div class=\"elementor-gallery__container\">\n\t\t\t\t\t\t\t<a class=\"e-gallery-item elementor-gallery-item elementor-animated-content\" href=\"https:\/\/acrj.org.br\/wp-content\/uploads\/2020\/02\/destaque_dsc_6542.jpg\" data-elementor-open-lightbox=\"yes\" data-elementor-lightbox-slideshow=\"cba9f7c\" data-elementor-lightbox-title=\"destaque_dsc_6542\" data-e-action-hash=\"#elementor-action%3Aaction%3Dlightbox%26settings%3DeyJpZCI6MTczNywidXJsIjoiaHR0cHM6XC9cL2Fjcmoub3JnLmJyXC93cC1jb250ZW50XC91cGxvYWRzXC8yMDIwXC8wMlwvZGVzdGFxdWVfZHNjXzY1NDIuanBnIiwic2xpZGVzaG93IjoiY2JhOWY3YyJ9\">\n\t\t\t\t\t<div class=\"e-gallery-image elementor-gallery-item__image\" data-thumbnail=\"https:\/\/acrj.org.br\/wp-content\/uploads\/2020\/02\/destaque_dsc_6542-300x223.jpg\" data-width=\"300\" data-height=\"223\" aria-label=\"\" role=\"img\" ><\/div>\n\t\t\t\t\t\t\t\t\t\t\t<div class=\"elementor-gallery-item__overlay\"><\/div>\n\t\t\t\t\t\t\t\t\t\t\t\t\t\t<\/a>\n\t\t\t\t\t\t\t<a class=\"e-gallery-item elementor-gallery-item elementor-animated-content\" href=\"https:\/\/acrj.org.br\/wp-content\/uploads\/2020\/02\/gdsc_6511-scaled.jpg\" data-elementor-open-lightbox=\"yes\" data-elementor-lightbox-slideshow=\"cba9f7c\" data-elementor-lightbox-title=\"gdsc_6511\" data-e-action-hash=\"#elementor-action%3Aaction%3Dlightbox%26settings%3DeyJpZCI6MTc0MCwidXJsIjoiaHR0cHM6XC9cL2Fjcmoub3JnLmJyXC93cC1jb250ZW50XC91cGxvYWRzXC8yMDIwXC8wMlwvZ2RzY182NTExLXNjYWxlZC5qcGciLCJzbGlkZXNob3ciOiJjYmE5ZjdjIn0%3D\">\n\t\t\t\t\t<div class=\"e-gallery-image elementor-gallery-item__image\" data-thumbnail=\"https:\/\/acrj.org.br\/wp-content\/uploads\/2020\/02\/gdsc_6511-300x200.jpg\" data-width=\"300\" data-height=\"200\" aria-label=\"\" role=\"img\" ><\/div>\n\t\t\t\t\t\t\t\t\t\t\t<div class=\"elementor-gallery-item__overlay\"><\/div>\n\t\t\t\t\t\t\t\t\t\t\t\t\t\t<\/a>\n\t\t\t\t\t\t\t<a class=\"e-gallery-item elementor-gallery-item elementor-animated-content\" href=\"https:\/\/acrj.org.br\/wp-content\/uploads\/2020\/02\/gdsc_6454-scaled.jpg\" data-elementor-open-lightbox=\"yes\" data-elementor-lightbox-slideshow=\"cba9f7c\" data-elementor-lightbox-title=\"gdsc_6454\" data-e-action-hash=\"#elementor-action%3Aaction%3Dlightbox%26settings%3DeyJpZCI6MTczOSwidXJsIjoiaHR0cHM6XC9cL2Fjcmoub3JnLmJyXC93cC1jb250ZW50XC91cGxvYWRzXC8yMDIwXC8wMlwvZ2RzY182NDU0LXNjYWxlZC5qcGciLCJzbGlkZXNob3ciOiJjYmE5ZjdjIn0%3D\">\n\t\t\t\t\t<div class=\"e-gallery-image elementor-gallery-item__image\" data-thumbnail=\"https:\/\/acrj.org.br\/wp-content\/uploads\/2020\/02\/gdsc_6454-300x200.jpg\" data-width=\"300\" data-height=\"200\" aria-label=\"\" role=\"img\" ><\/div>\n\t\t\t\t\t\t\t\t\t\t\t<div class=\"elementor-gallery-item__overlay\"><\/div>\n\t\t\t\t\t\t\t\t\t\t\t\t\t\t<\/a>\n\t\t\t\t\t\t\t<a class=\"e-gallery-item elementor-gallery-item elementor-animated-content\" href=\"https:\/\/acrj.org.br\/wp-content\/uploads\/2020\/02\/gdsc_6571-scaled.jpg\" data-elementor-open-lightbox=\"yes\" data-elementor-lightbox-slideshow=\"cba9f7c\" data-elementor-lightbox-title=\"gdsc_6571\" data-e-action-hash=\"#elementor-action%3Aaction%3Dlightbox%26settings%3DeyJpZCI6MTc0MywidXJsIjoiaHR0cHM6XC9cL2Fjcmoub3JnLmJyXC93cC1jb250ZW50XC91cGxvYWRzXC8yMDIwXC8wMlwvZ2RzY182NTcxLXNjYWxlZC5qcGciLCJzbGlkZXNob3ciOiJjYmE5ZjdjIn0%3D\">\n\t\t\t\t\t<div class=\"e-gallery-image elementor-gallery-item__image\" data-thumbnail=\"https:\/\/acrj.org.br\/wp-content\/uploads\/2020\/02\/gdsc_6571-300x200.jpg\" data-width=\"300\" data-height=\"200\" aria-label=\"\" role=\"img\" ><\/div>\n\t\t\t\t\t\t\t\t\t\t\t<div class=\"elementor-gallery-item__overlay\"><\/div>\n\t\t\t\t\t\t\t\t\t\t\t\t\t\t<\/a>\n\t\t\t\t\t\t\t<a class=\"e-gallery-item elementor-gallery-item elementor-animated-content\" href=\"https:\/\/acrj.org.br\/wp-content\/uploads\/2020\/02\/gdsc_6518-scaled.jpg\" data-elementor-open-lightbox=\"yes\" data-elementor-lightbox-slideshow=\"cba9f7c\" data-elementor-lightbox-title=\"gdsc_6518\" data-e-action-hash=\"#elementor-action%3Aaction%3Dlightbox%26settings%3DeyJpZCI6MTc0MiwidXJsIjoiaHR0cHM6XC9cL2Fjcmoub3JnLmJyXC93cC1jb250ZW50XC91cGxvYWRzXC8yMDIwXC8wMlwvZ2RzY182NTE4LXNjYWxlZC5qcGciLCJzbGlkZXNob3ciOiJjYmE5ZjdjIn0%3D\">\n\t\t\t\t\t<div class=\"e-gallery-image elementor-gallery-item__image\" data-thumbnail=\"https:\/\/acrj.org.br\/wp-content\/uploads\/2020\/02\/gdsc_6518-300x200.jpg\" data-width=\"300\" data-height=\"200\" aria-label=\"\" role=\"img\" ><\/div>\n\t\t\t\t\t\t\t\t\t\t\t<div class=\"elementor-gallery-item__overlay\"><\/div>\n\t\t\t\t\t\t\t\t\t\t\t\t\t\t<\/a>\n\t\t\t\t\t\t\t<a class=\"e-gallery-item elementor-gallery-item elementor-animated-content\" href=\"https:\/\/acrj.org.br\/wp-content\/uploads\/2020\/02\/gdsc_6514-scaled.jpg\" data-elementor-open-lightbox=\"yes\" data-elementor-lightbox-slideshow=\"cba9f7c\" data-elementor-lightbox-title=\"gdsc_6514\" data-e-action-hash=\"#elementor-action%3Aaction%3Dlightbox%26settings%3DeyJpZCI6MTc0MSwidXJsIjoiaHR0cHM6XC9cL2Fjcmoub3JnLmJyXC93cC1jb250ZW50XC91cGxvYWRzXC8yMDIwXC8wMlwvZ2RzY182NTE0LXNjYWxlZC5qcGciLCJzbGlkZXNob3ciOiJjYmE5ZjdjIn0%3D\">\n\t\t\t\t\t<div class=\"e-gallery-image elementor-gallery-item__image\" data-thumbnail=\"https:\/\/acrj.org.br\/wp-content\/uploads\/2020\/02\/gdsc_6514-300x200.jpg\" data-width=\"300\" data-height=\"200\" aria-label=\"\" role=\"img\" ><\/div>\n\t\t\t\t\t\t\t\t\t\t\t<div class=\"elementor-gallery-item__overlay\"><\/div>\n\t\t\t\t\t\t\t\t\t\t\t\t\t\t<\/a>\n\t\t\t\t\t<\/div>\n\t\t\t\t\t<\/div>\n\t\t\t\t<\/div>\n\t\t\t\t\t<\/div>\n\t\t<\/div>\n\t\t\t\t\t<\/div>\n\t\t<\/section>\n\t\t\t\t<\/div>\n\t\t","protected":false},"excerpt":{"rendered":"<p>A For\u00e7a A\u00e9rea Brasileira foi homenageada na ACRJ pelos servi\u00e7os prestados \u00e0 na\u00e7\u00e3o e pelo dia do Aviador e da FAB, comemorado em 23 de&hellip;<\/p>\n","protected":false},"author":1,"featured_media":1737,"comment_status":"closed","ping_status":"open","sticky":false,"template":"","format":"standard","meta":{"_exactmetrics_skip_tracking":false,"_exactmetrics_sitenote_active":false,"_exactmetrics_sitenote_note":"","_exactmetrics_sitenote_category":0,"footnotes":""},"categories":[10],"tags":[],"class_list":["post-1736","post","type-post","status-publish","format-standard","has-post-thumbnail","hentry","category-noticias"],"_links":{"self":[{"href":"https:\/\/acrj.org.br\/index.php\/wp-json\/wp\/v2\/posts\/1736","targetHints":{"allow":["GET"]}}],"collection":[{"href":"https:\/\/acrj.org.br\/index.php\/wp-json\/wp\/v2\/posts"}],"about":[{"href":"https:\/\/acrj.org.br\/index.php\/wp-json\/wp\/v2\/types\/post"}],"author":[{"embeddable":true,"href":"https:\/\/acrj.org.br\/index.php\/wp-json\/wp\/v2\/users\/1"}],"replies":[{"embeddable":true,"href":"https:\/\/acrj.org.br\/index.php\/wp-json\/wp\/v2\/comments?post=1736"}],"version-history":[{"count":0,"href":"https:\/\/acrj.org.br\/index.php\/wp-json\/wp\/v2\/posts\/1736\/revisions"}],"wp:featuredmedia":[{"embeddable":true,"href":"https:\/\/acrj.org.br\/index.php\/wp-json\/wp\/v2\/media\/1737"}],"wp:attachment":[{"href":"https:\/\/acrj.org.br\/index.php\/wp-json\/wp\/v2\/media?parent=1736"}],"wp:term":[{"taxonomy":"category","embeddable":true,"href":"https:\/\/acrj.org.br\/index.php\/wp-json\/wp\/v2\/categories?post=1736"},{"taxonomy":"post_tag","embeddable":true,"href":"https:\/\/acrj.org.br\/index.php\/wp-json\/wp\/v2\/tags?post=1736"}],"curies":[{"name":"wp","href":"https:\/\/api.w.org\/{rel}","templated":true}]}}