{"id":1714,"date":"2019-11-18T18:17:00","date_gmt":"2019-11-18T21:17:00","guid":{"rendered":"http:\/\/acrj2020.profissional.ws\/?p=1714"},"modified":"2020-02-27T18:19:48","modified_gmt":"2020-02-27T21:19:48","slug":"acrj-realiza-3a-edicao-de-2019-do-cafe-com-negocios","status":"publish","type":"post","link":"https:\/\/acrj.org.br\/index.php\/2019\/11\/18\/acrj-realiza-3a-edicao-de-2019-do-cafe-com-negocios\/","title":{"rendered":"ACRJ realiza 3\u00aa edi\u00e7\u00e3o de 2019 do Caf\u00e9 com Neg\u00f3cios"},"content":{"rendered":"\n<p>Um dos principais eventos de network do Rio de Janeiro, o Caf\u00e9 com Neg\u00f3cios ter\u00e1 a 3\u00aa edi\u00e7\u00e3o de 2019 no dia 26 de novembro, na ACRJ. A reuni\u00e3o abre espa\u00e7o para micro e pequenos empres\u00e1rios ampliarem seus neg\u00f3cios e obterem informa\u00e7\u00f5es sobre uma s\u00e9rie de produtos e servi\u00e7os.<\/p>\n\n\n\n<p>O Caf\u00e9 com Neg\u00f3cios \u00e9 uma iniciativa da ACRJ em parceria com o Sebrae Rio e tem o objetivo de aproximar o empresariado e suas necessidades e a oferta de produtos e servi\u00e7os do mercado.<\/p>\n\n\n\n<p>Qualquer empresa, nacional ou multinacional, privada ou publicada, pode participar. Para a inscri\u00e7\u00e3o, que precisa ser feita antecipadamente, basta acessar este&nbsp;<a href=\"http:\/\/www.acrj.org.br\/download\/2019\/261119_cafe_com_negocios.pdf\">link<\/a>.<\/p>\n\n\n\n<p>Outras informa\u00e7\u00f5es pelo telefone: (21) 2514-1280.<\/p>\n","protected":false},"excerpt":{"rendered":"<p>Um dos principais eventos de network do Rio de Janeiro, o Caf\u00e9 com Neg\u00f3cios ter\u00e1 a 3\u00aa edi\u00e7\u00e3o de 2019 no dia 26 de novembro,&hellip;<\/p>\n","protected":false},"author":1,"featured_media":1715,"comment_status":"closed","ping_status":"closed","sticky":false,"template":"","format":"standard","meta":{"_exactmetrics_skip_tracking":false,"_exactmetrics_sitenote_active":false,"_exactmetrics_sitenote_note":"","_exactmetrics_sitenote_category":0,"footnotes":""},"categories":[10],"tags":[],"class_list":["post-1714","post","type-post","status-publish","format-standard","has-post-thumbnail","hentry","category-noticias"],"_links":{"self":[{"href":"https:\/\/acrj.org.br\/index.php\/wp-json\/wp\/v2\/posts\/1714","targetHints":{"allow":["GET"]}}],"collection":[{"href":"https:\/\/acrj.org.br\/index.php\/wp-json\/wp\/v2\/posts"}],"about":[{"href":"https:\/\/acrj.org.br\/index.php\/wp-json\/wp\/v2\/types\/post"}],"author":[{"embeddable":true,"href":"https:\/\/acrj.org.br\/index.php\/wp-json\/wp\/v2\/users\/1"}],"replies":[{"embeddable":true,"href":"https:\/\/acrj.org.br\/index.php\/wp-json\/wp\/v2\/comments?post=1714"}],"version-history":[{"count":0,"href":"https:\/\/acrj.org.br\/index.php\/wp-json\/wp\/v2\/posts\/1714\/revisions"}],"wp:featuredmedia":[{"embeddable":true,"href":"https:\/\/acrj.org.br\/index.php\/wp-json\/wp\/v2\/media\/1715"}],"wp:attachment":[{"href":"https:\/\/acrj.org.br\/index.php\/wp-json\/wp\/v2\/media?parent=1714"}],"wp:term":[{"taxonomy":"category","embeddable":true,"href":"https:\/\/acrj.org.br\/index.php\/wp-json\/wp\/v2\/categories?post=1714"},{"taxonomy":"post_tag","embeddable":true,"href":"https:\/\/acrj.org.br\/index.php\/wp-json\/wp\/v2\/tags?post=1714"}],"curies":[{"name":"wp","href":"https:\/\/api.w.org\/{rel}","templated":true}]}}