{"id":1705,"date":"2019-11-22T18:09:00","date_gmt":"2019-11-22T21:09:00","guid":{"rendered":"http:\/\/acrj2020.profissional.ws\/?p=1705"},"modified":"2020-02-27T18:14:18","modified_gmt":"2020-02-27T21:14:18","slug":"general-braga-netto-e-homenageado-em-evento-na-acrj","status":"publish","type":"post","link":"https:\/\/acrj.org.br\/index.php\/2019\/11\/22\/general-braga-netto-e-homenageado-em-evento-na-acrj\/","title":{"rendered":"General Braga Netto \u00e9 homenageado em evento na ACRJ"},"content":{"rendered":"\t\t<div data-elementor-type=\"wp-post\" data-elementor-id=\"1705\" class=\"elementor elementor-1705\" data-elementor-post-type=\"post\">\n\t\t\t\t\t\t<section class=\"elementor-section elementor-top-section elementor-element elementor-element-1934c0c7 elementor-section-boxed elementor-section-height-default elementor-section-height-default\" data-id=\"1934c0c7\" data-element_type=\"section\" data-e-type=\"section\">\n\t\t\t\t\t\t<div class=\"elementor-container elementor-column-gap-default\">\n\t\t\t\t\t<div class=\"elementor-column elementor-col-100 elementor-top-column elementor-element elementor-element-589ea80a\" data-id=\"589ea80a\" data-element_type=\"column\" data-e-type=\"column\">\n\t\t\t<div class=\"elementor-widget-wrap elementor-element-populated\">\n\t\t\t\t\t\t<div class=\"elementor-element elementor-element-b0efb6e elementor-widget elementor-widget-text-editor\" data-id=\"b0efb6e\" data-element_type=\"widget\" data-e-type=\"widget\" data-widget_type=\"text-editor.default\">\n\t\t\t\t<div class=\"elementor-widget-container\">\n\t\t\t\t\t\t\t\t\t\n<p>O general Walter Souza Braga Netto foi condecorado pela ACRJ com a medalha Visconde de Mau\u00e1, a maior honraria da entidade, nesta quinta-feira, 21 de novembro. \u201c\u00c9 uma grande honra homenagear o chefe do Estado-Maior do Ex\u00e9rcito, o \u00f3rg\u00e3o de dire\u00e7\u00e3o-geral respons\u00e1vel pela estrat\u00e9gia e o planejamento da pol\u00edtica militar terrestre. Ao condecor\u00e1-lo com a medalha Visconde de Mau\u00e1, queremos expressar o nosso reconhecimento pelo sucesso de sua miss\u00e3o\u201d, afirmou a presidente Angela Costa em sua homenagem ao general.<\/p>\n\n\n\n<p>\u201cAgrade\u00e7o a Associa\u00e7\u00e3o Comercial, a todas as institui\u00e7\u00f5es e a sociedade. Essa homenagem \u00e9 um reconhecimento ao trabalho de equipe realizado durante a interven\u00e7\u00e3o no Rio de Janeiro\u201d, declarou o general Braga Neto.<\/p>\n\n\n\n<p>Durante o per\u00edodo em que Braga Netto assumiu o cargo de Comandante Militar do Leste, ele comandou a interven\u00e7\u00e3o federal na Seguran\u00e7a P\u00fablica do Estado do Rio de Janeiro, em 2018. Braga Netto coordenou as For\u00e7as envolvidas com a seguran\u00e7a no Estado, trabalhando com as equipes de intelig\u00eancia, que identificaram os pontos mais cr\u00edticos, para s\u00f3 depois colocar as tropas do Ex\u00e9rcito nas ruas. Na ocasi\u00e3o, a ACRJ apoiou a interven\u00e7\u00e3o federal e abriu as portas da entidade para que as autoridades respons\u00e1veis pela opera\u00e7\u00e3o explicassem \u00e0 opini\u00e3o p\u00fablica os objetivos de sua miss\u00e3o. \u201cHistoricamente, esta casa apoia todas as a\u00e7\u00f5es que contribuam para melhorar a qualidade de vida e os padr\u00f5es de seguran\u00e7a da popula\u00e7\u00e3o do Rio de Janeiro. Somos gratos por seu empenho e dedica\u00e7\u00e3o\u201d, disse.<\/p>\n\n\n\n<p>O general Braga Netto ao agradecer o apoio da Associa\u00e7\u00e3o na \u00e9poca, afirmou em carta endere\u00e7ada \u00e0 presidente Angela Costa que \u201co di\u00e1logo com este importante segmento da sociedade e o estreitamento das rela\u00e7\u00f5es entre o Gabinete de Interven\u00e7\u00e3o e a ACRJ permitiram que este interventor entendesse as expectativas da popula\u00e7\u00e3o carioca e interpretasse melhor a din\u00e2mica do crime no Estado do Rio de Janeiro\u201d.<\/p>\n\t\t\t\t\t\t\t\t<\/div>\n\t\t\t\t<\/div>\n\t\t\t\t\t<\/div>\n\t\t<\/div>\n\t\t\t\t\t<\/div>\n\t\t<\/section>\n\t\t\t\t<section class=\"elementor-section elementor-top-section elementor-element elementor-element-d98249c elementor-section-boxed elementor-section-height-default elementor-section-height-default\" data-id=\"d98249c\" data-element_type=\"section\" data-e-type=\"section\">\n\t\t\t\t\t\t<div class=\"elementor-container elementor-column-gap-default\">\n\t\t\t\t\t<div class=\"elementor-column elementor-col-100 elementor-top-column elementor-element elementor-element-6c8640a\" data-id=\"6c8640a\" data-element_type=\"column\" data-e-type=\"column\">\n\t\t\t<div class=\"elementor-widget-wrap elementor-element-populated\">\n\t\t\t\t\t\t<div class=\"elementor-element elementor-element-ec6a00b elementor-widget elementor-widget-gallery\" data-id=\"ec6a00b\" data-element_type=\"widget\" data-e-type=\"widget\" data-settings=\"{&quot;columns&quot;:2,&quot;lazyload&quot;:&quot;yes&quot;,&quot;gallery_layout&quot;:&quot;grid&quot;,&quot;columns_tablet&quot;:2,&quot;columns_mobile&quot;:1,&quot;gap&quot;:{&quot;unit&quot;:&quot;px&quot;,&quot;size&quot;:10,&quot;sizes&quot;:[]},&quot;gap_tablet&quot;:{&quot;unit&quot;:&quot;px&quot;,&quot;size&quot;:10,&quot;sizes&quot;:[]},&quot;gap_mobile&quot;:{&quot;unit&quot;:&quot;px&quot;,&quot;size&quot;:10,&quot;sizes&quot;:[]},&quot;link_to&quot;:&quot;file&quot;,&quot;aspect_ratio&quot;:&quot;3:2&quot;,&quot;overlay_background&quot;:&quot;yes&quot;,&quot;content_hover_animation&quot;:&quot;fade-in&quot;}\" data-widget_type=\"gallery.default\">\n\t\t\t\t<div class=\"elementor-widget-container\">\n\t\t\t\t\t\t\t<div class=\"elementor-gallery__container\">\n\t\t\t\t\t\t\t<a class=\"e-gallery-item elementor-gallery-item elementor-animated-content\" href=\"https:\/\/acrj.org.br\/wp-content\/uploads\/2020\/02\/indoordsc_7800.jpg\" data-elementor-open-lightbox=\"yes\" data-elementor-lightbox-slideshow=\"ec6a00b\" data-elementor-lightbox-title=\"indoordsc_7800\" data-e-action-hash=\"#elementor-action%3Aaction%3Dlightbox%26settings%3DeyJpZCI6MTcwOCwidXJsIjoiaHR0cHM6XC9cL2Fjcmoub3JnLmJyXC93cC1jb250ZW50XC91cGxvYWRzXC8yMDIwXC8wMlwvaW5kb29yZHNjXzc4MDAuanBnIiwic2xpZGVzaG93IjoiZWM2YTAwYiJ9\">\n\t\t\t\t\t<div class=\"e-gallery-image elementor-gallery-item__image\" data-thumbnail=\"https:\/\/acrj.org.br\/wp-content\/uploads\/2020\/02\/indoordsc_7800-300x180.jpg\" data-width=\"300\" data-height=\"180\" aria-label=\"\" role=\"img\" ><\/div>\n\t\t\t\t\t\t\t\t\t\t\t<div class=\"elementor-gallery-item__overlay\"><\/div>\n\t\t\t\t\t\t\t\t\t\t\t\t\t\t<\/a>\n\t\t\t\t\t\t\t<a class=\"e-gallery-item elementor-gallery-item elementor-animated-content\" href=\"https:\/\/acrj.org.br\/wp-content\/uploads\/2020\/02\/indoordsc_7797.jpg\" data-elementor-open-lightbox=\"yes\" data-elementor-lightbox-slideshow=\"ec6a00b\" data-elementor-lightbox-title=\"indoordsc_7797\" data-e-action-hash=\"#elementor-action%3Aaction%3Dlightbox%26settings%3DeyJpZCI6MTcwOSwidXJsIjoiaHR0cHM6XC9cL2Fjcmoub3JnLmJyXC93cC1jb250ZW50XC91cGxvYWRzXC8yMDIwXC8wMlwvaW5kb29yZHNjXzc3OTcuanBnIiwic2xpZGVzaG93IjoiZWM2YTAwYiJ9\">\n\t\t\t\t\t<div class=\"e-gallery-image elementor-gallery-item__image\" data-thumbnail=\"https:\/\/acrj.org.br\/wp-content\/uploads\/2020\/02\/indoordsc_7797-300x180.jpg\" data-width=\"300\" data-height=\"180\" aria-label=\"\" role=\"img\" ><\/div>\n\t\t\t\t\t\t\t\t\t\t\t<div class=\"elementor-gallery-item__overlay\"><\/div>\n\t\t\t\t\t\t\t\t\t\t\t\t\t\t<\/a>\n\t\t\t\t\t<\/div>\n\t\t\t\t\t<\/div>\n\t\t\t\t<\/div>\n\t\t\t\t\t<\/div>\n\t\t<\/div>\n\t\t\t\t\t<\/div>\n\t\t<\/section>\n\t\t\t\t<\/div>\n\t\t","protected":false},"excerpt":{"rendered":"<p>O general Walter Souza Braga Netto foi condecorado pela ACRJ com a medalha Visconde de Mau\u00e1, a maior honraria da entidade, nesta quinta-feira, 21 de&hellip;<\/p>\n","protected":false},"author":1,"featured_media":1706,"comment_status":"closed","ping_status":"closed","sticky":false,"template":"","format":"standard","meta":{"_exactmetrics_skip_tracking":false,"_exactmetrics_sitenote_active":false,"_exactmetrics_sitenote_note":"","_exactmetrics_sitenote_category":0,"footnotes":""},"categories":[10],"tags":[],"class_list":["post-1705","post","type-post","status-publish","format-standard","has-post-thumbnail","hentry","category-noticias"],"_links":{"self":[{"href":"https:\/\/acrj.org.br\/index.php\/wp-json\/wp\/v2\/posts\/1705","targetHints":{"allow":["GET"]}}],"collection":[{"href":"https:\/\/acrj.org.br\/index.php\/wp-json\/wp\/v2\/posts"}],"about":[{"href":"https:\/\/acrj.org.br\/index.php\/wp-json\/wp\/v2\/types\/post"}],"author":[{"embeddable":true,"href":"https:\/\/acrj.org.br\/index.php\/wp-json\/wp\/v2\/users\/1"}],"replies":[{"embeddable":true,"href":"https:\/\/acrj.org.br\/index.php\/wp-json\/wp\/v2\/comments?post=1705"}],"version-history":[{"count":0,"href":"https:\/\/acrj.org.br\/index.php\/wp-json\/wp\/v2\/posts\/1705\/revisions"}],"wp:featuredmedia":[{"embeddable":true,"href":"https:\/\/acrj.org.br\/index.php\/wp-json\/wp\/v2\/media\/1706"}],"wp:attachment":[{"href":"https:\/\/acrj.org.br\/index.php\/wp-json\/wp\/v2\/media?parent=1705"}],"wp:term":[{"taxonomy":"category","embeddable":true,"href":"https:\/\/acrj.org.br\/index.php\/wp-json\/wp\/v2\/categories?post=1705"},{"taxonomy":"post_tag","embeddable":true,"href":"https:\/\/acrj.org.br\/index.php\/wp-json\/wp\/v2\/tags?post=1705"}],"curies":[{"name":"wp","href":"https:\/\/api.w.org\/{rel}","templated":true}]}}