{"id":17047,"date":"2023-07-17T15:24:15","date_gmt":"2023-07-17T18:24:15","guid":{"rendered":"https:\/\/acrj.org.br\/?p=17047"},"modified":"2023-08-04T12:15:51","modified_gmt":"2023-08-04T15:15:51","slug":"presidentes-e-vices-dos-conselhos-empresariais-tomam-posse-na-acrj","status":"publish","type":"post","link":"https:\/\/acrj.org.br\/index.php\/2023\/07\/17\/presidentes-e-vices-dos-conselhos-empresariais-tomam-posse-na-acrj\/","title":{"rendered":"Presidentes e vices dos Conselhos Empresariais tomam posse na ACRJ"},"content":{"rendered":"\n<p>O presidente da ACRJ, Josier Vilar, realizou, dia 14 de julho, a primeira reuni\u00e3o com os presidentes e vice-presidentes escolhidos para os 24 Conselhos Empresariais da Associa\u00e7\u00e3o Comercial do Rio de Janeiro, na gest\u00e3o 2023\/2025. Ao dar posse a cada um deles, e ap\u00f3s as apresenta\u00e7\u00f5es, o presidente destacou a import\u00e2ncia desses f\u00f3runs tem\u00e1ticos. \u201cEstou seguro que cada um de voc\u00eas, e os membros que ir\u00e3o escolher, v\u00e3o contribuir para o fortalecimento da nossa Casa de Mau\u00e1 e, por consequ\u00eancia, da economia da nossa cidade. A participa\u00e7\u00e3o ativa de nossos Conselhos ser\u00e1 decisiva nesse processo\u201d, disse o presidente.<\/p>\n\n\n\n<p>Ele aproveitou para lembrar o anivers\u00e1rio de 214 anos da ACRJ, comemorado no dia 15 de julho. Tamb\u00e9m destacou seu compromisso em aumentar a base associativa para que a ACRJ possa contribuir na gera\u00e7\u00e3o de um ambiente f\u00e9rtil para neg\u00f3cios e investimentos.<\/p>\n\n\n\n<p>Josier Vilar ainda citou algumas das regras de funcionamento e intera\u00e7\u00e3o entre todos os Conselhos que constam do novo Regimento Interno. Entre elas, \u00e9 a presen\u00e7a de 30% de mulheres e 5% de jovens em cada um desses f\u00f3runs e que todos os conselheiros sejam associados. \u201cPrecisamos muito aumentar nossa base de associados e para isso, a regra agora \u00e9 que todos os membros convidados se associem \u00e0 ACRJ e entendam a Associa\u00e7\u00e3o como fundamental para o fortalecimento do ambiente de neg\u00f3cios do Rio\u201d, explicou.<\/p>\n\n\n\n<p>Pelo Regimento, os Conselhos dever\u00e3o se reunir, pelo menos, uma vez por m\u00eas no edif\u00edcio Sede da ACRJ, e dever\u00e3o ser no m\u00ednimo 80% presenciais. \u00a0A cada tr\u00eas meses ser\u00e1 realizado um encontro com o presidente da ACRJ para balan\u00e7o dos trabalhos.<\/p>\n\n\n\n<p><strong><u>CONSELHOS EMPRESARIAIS DA ASSOCIA\u00c7\u00c3O COMERCIAL DO RIO DE JANEIRO &#8211; BI\u00caNIO 2023\/2025<\/u><\/strong><\/p>\n\n\n\n<p class=\"has-small-font-size\"><strong>CONSELHO EMPRESARIAL DE AMBIENTE DE NEG\u00d3CIOS E COMPETITIVIDADE<\/strong><\/p>\n\n\n\n<p class=\"has-small-font-size\">Presidente:  AUREO RICARDO SALLES DE BARROS<\/p>\n\n\n\n<p class=\"has-small-font-size\"><strong>CONSELHO EMPRESARIAL DE ASSUNTOS JUR\u00cdDICOS E ESTRAT\u00c9GICOS<\/strong><\/p>\n\n\n\n<p class=\"has-small-font-size\">Presidente: FABIO AZEVEDO \/ Vice-Presidente: RODRIGO VERDINI<\/p>\n\n\n\n<p class=\"has-small-font-size\"><strong>CONSELHO EMPRESARIAL DE COMUNIDADES, NOVOS NEG\u00d3CIOS E ECONOMIA SOLID\u00c1RIA<\/strong><\/p>\n\n\n\n<p class=\"has-small-font-size\">Presidente: CELIA DOMINGUES \/ Vice-Presidente: ROBSON SANTOS<\/p>\n\n\n\n<p class=\"has-small-font-size\"><strong>CONSELHO EMPRESARIAL DE CULTURA<\/strong><\/p>\n\n\n\n<p class=\"has-small-font-size\">Presidente: SERGIO COSTA E SILVA \/ Vice-Presidente: MARIA LUIZA NOBRE DE ALMEIDA<\/p>\n\n\n\n<p class=\"has-small-font-size\"><strong>CONSELHO EMPRESARIAL DO ECOSSISTEMA DA SA\u00daDE<\/strong><\/p>\n\n\n\n<p class=\"has-small-font-size\">Presidente: DENIZAR VIANNA \/ Copresidente: GILBERTO URURAHY<\/p>\n\n\n\n<p class=\"has-small-font-size\"><strong>CONSELHO EMPRESARIAL DO ECOSSISTEMA DO TURISMO<\/strong><\/p>\n\n\n\n<p class=\"has-small-font-size\">Presidente: S\u00c1VIO NEVES \/ Vice-Presidente: JO\u00c3O MARCELLO BARRETO<\/p>\n\n\n\n<p class=\"has-small-font-size\"><strong>CONSELHO EMPRESARIAL DE EDUCA\u00c7\u00c3O<\/strong><\/p>\n\n\n\n<p class=\"has-small-font-size\">Presidente: MAIRA PIMENTEL \/ Vice-Presidente: BEATRIZ ALQUERES<\/p>\n\n\n\n<p class=\"has-small-font-size\"><strong>CONSELHO EMPRESARIAL DE ENERGIA E TRANSI\u00c7\u00c3O ENERG\u00c9TICA<\/strong><\/p>\n\n\n\n<p class=\"has-small-font-size\">Presidente: GABRIEL KROPSCH \/ Vice-presidente: MAUR\u00cdCIO STOLLE B\u00c4HR<\/p>\n\n\n\n<p class=\"has-small-font-size\"><strong>CONSELHO EMPRESARIAL DE ESPORTE, LAZER E DESENVOLVIMENTO SOCIAL<\/strong><\/p>\n\n\n\n<p class=\"has-small-font-size\">Presidente: FABIANA BENTES \/ Vice-Presidente: HUGO MOTTA BAC\u00caLLO M\u00d3SCA<\/p>\n\n\n\n<p class=\"has-small-font-size\"><strong>CONSELHO EMPRESARIAL DE GOVERNAN\u00c7A, COMPLIANCE E DIVERSIDADE<\/strong><\/p>\n\n\n\n<p class=\"has-small-font-size\">Presidente: HUMBERTO MOTA FILHO \/ Vice-Presidente: LUCIANO PORTO<\/p>\n\n\n\n<p class=\"has-small-font-size\"><strong>CONSELHO EMPRESARIAL DE HABITA\u00c7\u00c3O E DESENVOLVIMENTO URBANO<\/strong><\/p>\n\n\n\n<p class=\"has-small-font-size\">Presidente: SERGIO MAGALH\u00c3ES<\/p>\n\n\n\n<p class=\"has-small-font-size\"><strong>CONSELHO EMPRESARIAL DE INOVA\u00c7\u00c3O, TRANSFORMA\u00c7\u00c3O DIGITAL E TECNOLOGIA<\/strong><\/p>\n\n\n\n<p class=\"has-small-font-size\">Presidente: GUSTAVO ROBICHEZ \/ Vice-Presidente: BRUNA BAFFA<\/p>\n\n\n\n<p class=\"has-small-font-size\"><strong>CONSELHO EMPRESARIAL DE JOVENS&nbsp;<\/strong><\/p>\n\n\n\n<p class=\"has-small-font-size\">Presidente: PEDRO RAFAEL \/ Vice-Presidentes: DIANA SOUZA MUNIZ ALVES DE OLIVEIRA E VICTOR MOTA<\/p>\n\n\n\n<p class=\"has-small-font-size\"><strong>CONSELHO EMPRESARIAL DE LOG\u00cdSTICA E TRANSPORTE<\/strong><\/p>\n\n\n\n<p class=\"has-small-font-size\">Presidente: EDUARDO REBUZZI \/ Vice-Presidente: DELMO PINHO<\/p>\n\n\n\n<p class=\"has-small-font-size\"><strong>CONSELHO EMPRESARIAL DE MEIO AMBIENTE URBANO E ECONOMIA CIRCULAR EM CIDADES SUSTENT\u00c1VEIS<\/strong><\/p>\n\n\n\n<p class=\"has-small-font-size\">Presidente: ASP\u00c1SIA CAMARGO \/ Vice-Presidente: RICARDO PIQUET<\/p>\n\n\n\n<p class=\"has-small-font-size\"><strong>CONSELHO EMPRESARIAL DA MULHER<\/strong><\/p>\n\n\n\n<p class=\"has-small-font-size\">Presidente: MICHELLE NOVAES \/ Vice-Presidente: JULIA SEIXAS<\/p>\n\n\n\n<p class=\"has-small-font-size\"><strong>CONSELHO EMPRESARIAL DE POL\u00cdTICAS ECON\u00d4MICAS<\/strong><\/p>\n\n\n\n<p class=\"has-small-font-size\">Presidente: MARCILIO MARQUES MOREIRA \/ Vice-Presidente: ALBERTO FURUGUEM<\/p>\n\n\n\n<p class=\"has-small-font-size\"><strong>CONSELHO EMPRESARIAL DE POL\u00cdTICAS P\u00daBLICAS E RELA\u00c7\u00d5ES GOVERNAMENTAIS<\/strong><\/p>\n\n\n\n<p class=\"has-small-font-size\">Presidente: ANTONIO PEDRO VIEGAS FIGUEIRA DE MELLO<\/p>\n\n\n\n<p class=\"has-small-font-size\"><strong>CONSELHO EMPRESARIAL DE RELA\u00c7\u00d5ES INTERNACIONAIS E COM\u00c9RCIO EXTERIOR<\/strong><\/p>\n\n\n\n<p class=\"has-small-font-size\">Presidente: MICHELLE FERNANDES<\/p>\n\n\n\n<p class=\"has-small-font-size\"><strong>CONSELHO EMPRESARIAL DA RENOVA\u00c7\u00c3O DO CENTRO DO RIO<\/strong><\/p>\n\n\n\n<p class=\"has-small-font-size\">Presidente: MARIA IZABEL CASTRO DE SOUSA \/ Vice-Presidente: LUIS EDUARDO F. CARNEIRO<\/p>\n\n\n\n<p class=\"has-small-font-size\"><strong>CONSELHO EMPRESARIAL DE SEGURAN\u00c7A E ORDEM P\u00daBLICA<\/strong><\/p>\n\n\n\n<p class=\"has-small-font-size\">Presidente: RICARDO RIBAS DA COSTA &nbsp;&nbsp;\/ Vice-Presidente: FERNANDO VELOSO<\/p>\n\n\n\n<p class=\"has-small-font-size\"><strong>CONSELHO EMPRESARIAL DE SEGUROS E RESSEGUROS<\/strong><\/p>\n\n\n\n<p class=\"has-small-font-size\">Presidente: SAINT`CLAIR LIMA<\/p>\n\n\n\n<p class=\"has-small-font-size\"><strong>CONSELHO EMPRESARIAL DE VAREJO<\/strong><\/p>\n\n\n\n<p class=\"has-small-font-size\">Presidente: JUEDIR VIANA TEIXEIRA \/ Vice-Presidente: RICARDO GUIN\u00c2NCIO NETO<\/p>\n\n\n\n<figure class=\"wp-block-gallery has-nested-images columns-2 is-cropped wp-block-gallery-1 is-layout-flex wp-block-gallery-is-layout-flex\">\n<figure class=\"wp-block-image size-large\"><img fetchpriority=\"high\" decoding=\"async\" width=\"1024\" height=\"678\" data-id=\"17049\" src=\"https:\/\/acrj.org.br\/wp-content\/uploads\/2023\/07\/site-1-1024x678.jpg\" alt=\"\" class=\"wp-image-17049\" srcset=\"https:\/\/acrj.org.br\/wp-content\/uploads\/2023\/07\/site-1-1024x678.jpg 1024w, https:\/\/acrj.org.br\/wp-content\/uploads\/2023\/07\/site-1-scaled-600x398.jpg 600w, https:\/\/acrj.org.br\/wp-content\/uploads\/2023\/07\/site-1-300x199.jpg 300w, https:\/\/acrj.org.br\/wp-content\/uploads\/2023\/07\/site-1-768x509.jpg 768w, https:\/\/acrj.org.br\/wp-content\/uploads\/2023\/07\/site-1-1536x1017.jpg 1536w, https:\/\/acrj.org.br\/wp-content\/uploads\/2023\/07\/site-1-2048x1356.jpg 2048w\" sizes=\"(max-width: 1024px) 100vw, 1024px\" \/><\/figure>\n\n\n\n<figure class=\"wp-block-image size-large\"><img decoding=\"async\" width=\"1024\" height=\"631\" data-id=\"17059\" src=\"https:\/\/acrj.org.br\/wp-content\/uploads\/2023\/07\/site11-1-1024x631.jpg\" alt=\"\" class=\"wp-image-17059\" srcset=\"https:\/\/acrj.org.br\/wp-content\/uploads\/2023\/07\/site11-1-1024x631.jpg 1024w, https:\/\/acrj.org.br\/wp-content\/uploads\/2023\/07\/site11-1-600x370.jpg 600w, https:\/\/acrj.org.br\/wp-content\/uploads\/2023\/07\/site11-1-300x185.jpg 300w, https:\/\/acrj.org.br\/wp-content\/uploads\/2023\/07\/site11-1-768x473.jpg 768w, https:\/\/acrj.org.br\/wp-content\/uploads\/2023\/07\/site11-1-1536x947.jpg 1536w, https:\/\/acrj.org.br\/wp-content\/uploads\/2023\/07\/site11-1.jpg 1655w\" sizes=\"(max-width: 1024px) 100vw, 1024px\" \/><\/figure>\n\n\n\n<figure class=\"wp-block-image size-large\"><img decoding=\"async\" width=\"1024\" height=\"734\" data-id=\"17051\" src=\"https:\/\/acrj.org.br\/wp-content\/uploads\/2023\/07\/site6-1024x734.jpg\" alt=\"\" class=\"wp-image-17051\" srcset=\"https:\/\/acrj.org.br\/wp-content\/uploads\/2023\/07\/site6-1024x734.jpg 1024w, https:\/\/acrj.org.br\/wp-content\/uploads\/2023\/07\/site6-600x430.jpg 600w, https:\/\/acrj.org.br\/wp-content\/uploads\/2023\/07\/site6-300x215.jpg 300w, https:\/\/acrj.org.br\/wp-content\/uploads\/2023\/07\/site6-768x551.jpg 768w, https:\/\/acrj.org.br\/wp-content\/uploads\/2023\/07\/site6-1536x1101.jpg 1536w, https:\/\/acrj.org.br\/wp-content\/uploads\/2023\/07\/site6.jpg 1569w\" sizes=\"(max-width: 1024px) 100vw, 1024px\" \/><\/figure>\n\n\n\n<figure class=\"wp-block-image size-large\"><img loading=\"lazy\" decoding=\"async\" width=\"1024\" height=\"695\" data-id=\"17052\" src=\"https:\/\/acrj.org.br\/wp-content\/uploads\/2023\/07\/site7-1024x695.jpg\" alt=\"\" class=\"wp-image-17052\" srcset=\"https:\/\/acrj.org.br\/wp-content\/uploads\/2023\/07\/site7-1024x695.jpg 1024w, https:\/\/acrj.org.br\/wp-content\/uploads\/2023\/07\/site7-scaled-600x407.jpg 600w, https:\/\/acrj.org.br\/wp-content\/uploads\/2023\/07\/site7-300x204.jpg 300w, https:\/\/acrj.org.br\/wp-content\/uploads\/2023\/07\/site7-768x521.jpg 768w, https:\/\/acrj.org.br\/wp-content\/uploads\/2023\/07\/site7-1536x1043.jpg 1536w, https:\/\/acrj.org.br\/wp-content\/uploads\/2023\/07\/site7-2048x1390.jpg 2048w\" sizes=\"(max-width: 1024px) 100vw, 1024px\" \/><\/figure>\n\n\n\n<figure class=\"wp-block-image size-large\"><img loading=\"lazy\" decoding=\"async\" width=\"1024\" height=\"746\" data-id=\"17064\" src=\"https:\/\/acrj.org.br\/wp-content\/uploads\/2023\/07\/site15-1024x746.jpg\" alt=\"\" class=\"wp-image-17064\" srcset=\"https:\/\/acrj.org.br\/wp-content\/uploads\/2023\/07\/site15-1024x746.jpg 1024w, https:\/\/acrj.org.br\/wp-content\/uploads\/2023\/07\/site15-600x437.jpg 600w, https:\/\/acrj.org.br\/wp-content\/uploads\/2023\/07\/site15-300x218.jpg 300w, https:\/\/acrj.org.br\/wp-content\/uploads\/2023\/07\/site15-768x559.jpg 768w, https:\/\/acrj.org.br\/wp-content\/uploads\/2023\/07\/site15.jpg 1163w\" sizes=\"(max-width: 1024px) 100vw, 1024px\" \/><\/figure>\n\n\n\n<figure class=\"wp-block-image size-large\"><img loading=\"lazy\" decoding=\"async\" width=\"1024\" height=\"673\" data-id=\"17058\" src=\"https:\/\/acrj.org.br\/wp-content\/uploads\/2023\/07\/site12-1024x673.jpg\" alt=\"\" class=\"wp-image-17058\" srcset=\"https:\/\/acrj.org.br\/wp-content\/uploads\/2023\/07\/site12-1024x673.jpg 1024w, https:\/\/acrj.org.br\/wp-content\/uploads\/2023\/07\/site12-600x395.jpg 600w, https:\/\/acrj.org.br\/wp-content\/uploads\/2023\/07\/site12-300x197.jpg 300w, https:\/\/acrj.org.br\/wp-content\/uploads\/2023\/07\/site12-768x505.jpg 768w, https:\/\/acrj.org.br\/wp-content\/uploads\/2023\/07\/site12-1536x1010.jpg 1536w, https:\/\/acrj.org.br\/wp-content\/uploads\/2023\/07\/site12.jpg 1621w\" sizes=\"(max-width: 1024px) 100vw, 1024px\" \/><\/figure>\n\n\n\n<figure class=\"wp-block-image size-full\"><img loading=\"lazy\" decoding=\"async\" width=\"908\" height=\"673\" data-id=\"17063\" src=\"https:\/\/acrj.org.br\/wp-content\/uploads\/2023\/07\/site14-1.jpg\" alt=\"\" class=\"wp-image-17063\" srcset=\"https:\/\/acrj.org.br\/wp-content\/uploads\/2023\/07\/site14-1.jpg 908w, https:\/\/acrj.org.br\/wp-content\/uploads\/2023\/07\/site14-1-600x445.jpg 600w, https:\/\/acrj.org.br\/wp-content\/uploads\/2023\/07\/site14-1-300x222.jpg 300w, https:\/\/acrj.org.br\/wp-content\/uploads\/2023\/07\/site14-1-768x569.jpg 768w\" sizes=\"(max-width: 908px) 100vw, 908px\" \/><\/figure>\n\n\n\n<figure class=\"wp-block-image size-large\"><img loading=\"lazy\" decoding=\"async\" width=\"1024\" height=\"698\" data-id=\"17062\" src=\"https:\/\/acrj.org.br\/wp-content\/uploads\/2023\/07\/site4-1024x698.jpg\" alt=\"\" class=\"wp-image-17062\" srcset=\"https:\/\/acrj.org.br\/wp-content\/uploads\/2023\/07\/site4-1024x698.jpg 1024w, https:\/\/acrj.org.br\/wp-content\/uploads\/2023\/07\/site4-600x409.jpg 600w, https:\/\/acrj.org.br\/wp-content\/uploads\/2023\/07\/site4-300x205.jpg 300w, https:\/\/acrj.org.br\/wp-content\/uploads\/2023\/07\/site4-768x524.jpg 768w, https:\/\/acrj.org.br\/wp-content\/uploads\/2023\/07\/site4.jpg 1330w\" sizes=\"(max-width: 1024px) 100vw, 1024px\" \/><\/figure>\n<\/figure>\n","protected":false},"excerpt":{"rendered":"<p>O presidente da ACRJ, Josier Vilar, realizou, dia 14 de julho, a primeira reuni\u00e3o com os presidentes e vice-presidentes escolhidos para os 24 Conselhos Empresariais&hellip;<\/p>\n","protected":false},"author":3,"featured_media":17048,"comment_status":"closed","ping_status":"closed","sticky":false,"template":"","format":"standard","meta":{"_exactmetrics_skip_tracking":false,"_exactmetrics_sitenote_active":false,"_exactmetrics_sitenote_note":"","_exactmetrics_sitenote_category":0,"footnotes":""},"categories":[6],"tags":[],"class_list":["post-17047","post","type-post","status-publish","format-standard","has-post-thumbnail","hentry","category-destaque_noticias"],"_links":{"self":[{"href":"https:\/\/acrj.org.br\/index.php\/wp-json\/wp\/v2\/posts\/17047","targetHints":{"allow":["GET"]}}],"collection":[{"href":"https:\/\/acrj.org.br\/index.php\/wp-json\/wp\/v2\/posts"}],"about":[{"href":"https:\/\/acrj.org.br\/index.php\/wp-json\/wp\/v2\/types\/post"}],"author":[{"embeddable":true,"href":"https:\/\/acrj.org.br\/index.php\/wp-json\/wp\/v2\/users\/3"}],"replies":[{"embeddable":true,"href":"https:\/\/acrj.org.br\/index.php\/wp-json\/wp\/v2\/comments?post=17047"}],"version-history":[{"count":0,"href":"https:\/\/acrj.org.br\/index.php\/wp-json\/wp\/v2\/posts\/17047\/revisions"}],"wp:featuredmedia":[{"embeddable":true,"href":"https:\/\/acrj.org.br\/index.php\/wp-json\/wp\/v2\/media\/17048"}],"wp:attachment":[{"href":"https:\/\/acrj.org.br\/index.php\/wp-json\/wp\/v2\/media?parent=17047"}],"wp:term":[{"taxonomy":"category","embeddable":true,"href":"https:\/\/acrj.org.br\/index.php\/wp-json\/wp\/v2\/categories?post=17047"},{"taxonomy":"post_tag","embeddable":true,"href":"https:\/\/acrj.org.br\/index.php\/wp-json\/wp\/v2\/tags?post=17047"}],"curies":[{"name":"wp","href":"https:\/\/api.w.org\/{rel}","templated":true}]}}