{"id":1698,"date":"2019-11-26T18:03:00","date_gmt":"2019-11-26T21:03:00","guid":{"rendered":"http:\/\/acrj2020.profissional.ws\/?p=1698"},"modified":"2020-02-27T18:05:34","modified_gmt":"2020-02-27T21:05:34","slug":"sebrae-rio-e-assim-saude-assinam-convenio-na-acrj-durante-3a-edicao-do-cafe-com-negocios","status":"publish","type":"post","link":"https:\/\/acrj.org.br\/index.php\/2019\/11\/26\/sebrae-rio-e-assim-saude-assinam-convenio-na-acrj-durante-3a-edicao-do-cafe-com-negocios\/","title":{"rendered":"Sebrae Rio e Assim Sa\u00fade assinam conv\u00eanio na ACRJ durante 3\u00aa edi\u00e7\u00e3o do Caf\u00e9 com Neg\u00f3cios"},"content":{"rendered":"\n<p>Um dos principais eventos de network do Rio de Janeiro, a 3\u00aa edi\u00e7\u00e3o do Caf\u00e9 com Neg\u00f3cios foi realizada na ACRJ, nessa ter\u00e7a, 26 de novembro. A iniciativa da Associa\u00e7\u00e3o Comercial do Rio de Janeiro, em parceria com o Sebrae Rio, visa gerar oportunidades de neg\u00f3cios para micro e pequenos empres\u00e1rios, por meio de reuni\u00f5es comerciais simult\u00e2neas para apresenta\u00e7\u00e3o de produtos e servi\u00e7os, al\u00e9m de troca de informa\u00e7\u00f5es entre os participantes.<\/p>\n\n\n\n<p>A presidente da ACRJ, Angela Costa, destacou que essa parceria busca unir pequenas e grandes empresas, com ajuda do Sebrae na negocia\u00e7\u00e3o entre as partes interessadas. \u201cNessa 3\u00aa edi\u00e7\u00e3o, estamos celebrando o conv\u00eanio entre o Sebrae Rio e o Grupo Assim Sa\u00fade. Essa a\u00e7\u00e3o tem como objetivo desenvolver a cadeia de fornecedores da Assim Sa\u00fade, promovendo as&nbsp;melhores pr\u00e1ticas de gest\u00e3o \u00e0s empresas participantes, principalmente em rela\u00e7\u00e3o ao aumento de produtividade e \u00e0 inova\u00e7\u00e3o\u201d, ressaltou a presidente.&nbsp;<\/p>\n\n\n\n<p>O conv\u00eanio Encadeamento Produtivo foi assinado pelo diretor-superintendente, Antonio Alvarenga, e o diretor de Produto e Atendimento, Julio Cezar Rezende, ambos do Sebrae Rio, pela diretora de Rela\u00e7\u00f5es Empresariais, Carla Cravo, e pelo diretor de Neg\u00f3cios Internos, Jos\u00e9 Maria Faia Neto, do Grupo Assim Sa\u00fade. Durante a solenidade, o diretor-superintende do Sebrae Rio, Antonio Alvarenga, anunciou que ser\u00e3o investidos no projeto R$ 400 mil, para desenvolver 20 empresas, que ser\u00e3o fornecedoras do Grupo Assim Sa\u00fade. \u201cN\u00e3o \u00e9 nada f\u00e1cil vender para uma grande empresa. Precisa ter qualidade, pontualidade e v\u00e1rios outros itens. E o Sebrae vai contribuir com os micro e pequenos empres\u00e1rios\u201d, afirmou Alvarenga.&nbsp;<\/p>\n\n\n\n<p>\u201cA Assim Sa\u00fade \u00e9 uma empresa eminentemente carioca, nascida no Rio e fixada aqui e no Grande Rio. Hoje, temos 700 mil clientes nas \u00e1reas m\u00e9dicas e odontol\u00f3gicas e nosso relacionamento com eles \u00e9 est\u00e1vel. Temos 45 empresas, entre hospitais e cl\u00ednicas, e anualmente uma unidade \u00e9 inaugurada. Nosso crescimento depende do que o setor precisa\u201d, informou o diretor-presidente do Grupo Assim Sa\u00fade, Aziz Chidid Neto. Ele explicou ainda que o Grupo apostou na verticaliza\u00e7\u00e3o e, hoje, \u00e9 a \u00fanica empresa verticalizada do setor, mostrando que a Assim Sa\u00fade tem um diferencial em rela\u00e7\u00e3o aos outros concorrentes. Aziz Chidid Neto concluiu que foi um prazer participar do Caf\u00e9 com Neg\u00f3cios e se relacionar com o Sebrae Rio.&nbsp;<\/p>\n\n\n\n<p>Sobre o projeto, a metodologia do Encadeamento Produtivo do Sebrae engloba diagn\u00f3stico da maturidade da gest\u00e3o das empresas, capacita\u00e7\u00f5es, consultorias com acompanhamento de indicadores e avalia\u00e7\u00e3o da evolu\u00e7\u00e3o dos empreendimentos e os resultados do projeto. A atividade tem alto valor agregado, com grande potencial de converg\u00eancia com diversos setores, tais como confec\u00e7\u00e3o, turismo e farmac\u00eautico, al\u00e9m de muitas oportunidades de inova\u00e7\u00e3o. De acordo com o Sebrae Rio, o setor de sa\u00fade representa mais de 9% do PIB brasileiro e as pequenas empresas correspondem a cerca de 80% dos neg\u00f3cios da \u00e1rea. O Programa Encadeamento Produtivo visa ainda contribuir para o desenvolvimento do setor de sa\u00fade, no sentido de ter empresas mais produtivas e preparadas para atuar na cadeia de valor.&nbsp;<\/p>\n\n\n\n<p>Ao longo do evento, a gerente m\u00e9dica do Grupo Assim Sa\u00fade, Eliane Guimar\u00e3es, fez uma apresenta\u00e7\u00e3o e informou que as doen\u00e7as cr\u00f4nicas n\u00e3o transmiss\u00edveis s\u00e3o as principais causas de morte no Brasil e no mundo. Em 2016, por exemplo, 56% dos \u00f3bitos por doen\u00e7as cr\u00f4nicas n\u00e3o transmiss\u00edveis foram prematuros (entre 30 e 69 anos de idade). O tabagismo, atividade f\u00edsica insuficiente, alimenta\u00e7\u00e3o inadequada e uso nocivo do \u00e1lcool s\u00e3o as principais causas.<\/p>\n","protected":false},"excerpt":{"rendered":"<p>Um dos principais eventos de network do Rio de Janeiro, a 3\u00aa edi\u00e7\u00e3o do Caf\u00e9 com Neg\u00f3cios foi realizada na ACRJ, nessa ter\u00e7a, 26 de&hellip;<\/p>\n","protected":false},"author":1,"featured_media":1699,"comment_status":"closed","ping_status":"closed","sticky":false,"template":"","format":"standard","meta":{"_exactmetrics_skip_tracking":false,"_exactmetrics_sitenote_active":false,"_exactmetrics_sitenote_note":"","_exactmetrics_sitenote_category":0,"footnotes":""},"categories":[10],"tags":[],"class_list":["post-1698","post","type-post","status-publish","format-standard","has-post-thumbnail","hentry","category-noticias"],"_links":{"self":[{"href":"https:\/\/acrj.org.br\/index.php\/wp-json\/wp\/v2\/posts\/1698","targetHints":{"allow":["GET"]}}],"collection":[{"href":"https:\/\/acrj.org.br\/index.php\/wp-json\/wp\/v2\/posts"}],"about":[{"href":"https:\/\/acrj.org.br\/index.php\/wp-json\/wp\/v2\/types\/post"}],"author":[{"embeddable":true,"href":"https:\/\/acrj.org.br\/index.php\/wp-json\/wp\/v2\/users\/1"}],"replies":[{"embeddable":true,"href":"https:\/\/acrj.org.br\/index.php\/wp-json\/wp\/v2\/comments?post=1698"}],"version-history":[{"count":0,"href":"https:\/\/acrj.org.br\/index.php\/wp-json\/wp\/v2\/posts\/1698\/revisions"}],"wp:featuredmedia":[{"embeddable":true,"href":"https:\/\/acrj.org.br\/index.php\/wp-json\/wp\/v2\/media\/1699"}],"wp:attachment":[{"href":"https:\/\/acrj.org.br\/index.php\/wp-json\/wp\/v2\/media?parent=1698"}],"wp:term":[{"taxonomy":"category","embeddable":true,"href":"https:\/\/acrj.org.br\/index.php\/wp-json\/wp\/v2\/categories?post=1698"},{"taxonomy":"post_tag","embeddable":true,"href":"https:\/\/acrj.org.br\/index.php\/wp-json\/wp\/v2\/tags?post=1698"}],"curies":[{"name":"wp","href":"https:\/\/api.w.org\/{rel}","templated":true}]}}