{"id":16952,"date":"2023-07-12T00:16:43","date_gmt":"2023-07-12T03:16:43","guid":{"rendered":"https:\/\/acrj.org.br\/?p=16952"},"modified":"2023-07-12T00:18:40","modified_gmt":"2023-07-12T03:18:40","slug":"eduardo-ferreira-rebuzzi","status":"publish","type":"post","link":"https:\/\/acrj.org.br\/index.php\/2023\/07\/12\/eduardo-ferreira-rebuzzi\/","title":{"rendered":"Eduardo Ferreira Rebuzzi"},"content":{"rendered":"\n<p>Graduado em Administra\u00e7\u00e3o de Empresas pela Universidade C\u00e2ndido Mendes e p\u00f3s-graduado em Ci\u00eancia Pol\u00edtica pela Funda\u00e7\u00e3o Dom Cabral. Como empres\u00e1rio no setor do transporte rodovi\u00e1rio de cargas, desempenha forte atua\u00e7\u00e3o sindical patronal, ocupando v\u00e1rias fun\u00e7\u00f5es de lideran\u00e7a. Atualmente, \u00e9 presidente da Federa\u00e7\u00e3o do Transporte de Cargas do Estado do Rio de Janeiro (Fetranscarga), do Conselho Regional do Sest Senat do Rio de Janeiro e da Se\u00e7\u00e3o do Transporte Rodovi\u00e1rio de Cargas da Confedera\u00e7\u00e3o Nacional do Transporte (CNT) \u2013 que congrega todas as Federa\u00e7\u00f5es e Associa\u00e7\u00f5es do Transporte de Cargas do Brasil. \u00c9 vice-presidente da Associa\u00e7\u00e3o Nacional do Transporte de Cargas e Log\u00edstica (NTC&amp;Log\u00edstica). Permanece na atividade empresarial em sociedades voltadas ao Transporte e tamb\u00e9m como consultor.<\/p>\n","protected":false},"excerpt":{"rendered":"<p>1\u00ba vice-presidente da ACRJ<\/p>\n","protected":false},"author":1,"featured_media":16654,"comment_status":"closed","ping_status":"closed","sticky":false,"template":"","format":"standard","meta":{"_exactmetrics_skip_tracking":false,"_exactmetrics_sitenote_active":false,"_exactmetrics_sitenote_note":"","_exactmetrics_sitenote_category":0,"footnotes":""},"categories":[36],"tags":[],"class_list":["post-16952","post","type-post","status-publish","format-standard","has-post-thumbnail","hentry","category-perfil"],"_links":{"self":[{"href":"https:\/\/acrj.org.br\/index.php\/wp-json\/wp\/v2\/posts\/16952","targetHints":{"allow":["GET"]}}],"collection":[{"href":"https:\/\/acrj.org.br\/index.php\/wp-json\/wp\/v2\/posts"}],"about":[{"href":"https:\/\/acrj.org.br\/index.php\/wp-json\/wp\/v2\/types\/post"}],"author":[{"embeddable":true,"href":"https:\/\/acrj.org.br\/index.php\/wp-json\/wp\/v2\/users\/1"}],"replies":[{"embeddable":true,"href":"https:\/\/acrj.org.br\/index.php\/wp-json\/wp\/v2\/comments?post=16952"}],"version-history":[{"count":0,"href":"https:\/\/acrj.org.br\/index.php\/wp-json\/wp\/v2\/posts\/16952\/revisions"}],"wp:featuredmedia":[{"embeddable":true,"href":"https:\/\/acrj.org.br\/index.php\/wp-json\/wp\/v2\/media\/16654"}],"wp:attachment":[{"href":"https:\/\/acrj.org.br\/index.php\/wp-json\/wp\/v2\/media?parent=16952"}],"wp:term":[{"taxonomy":"category","embeddable":true,"href":"https:\/\/acrj.org.br\/index.php\/wp-json\/wp\/v2\/categories?post=16952"},{"taxonomy":"post_tag","embeddable":true,"href":"https:\/\/acrj.org.br\/index.php\/wp-json\/wp\/v2\/tags?post=16952"}],"curies":[{"name":"wp","href":"https:\/\/api.w.org\/{rel}","templated":true}]}}