{"id":1692,"date":"2019-11-28T17:56:00","date_gmt":"2019-11-28T20:56:00","guid":{"rendered":"http:\/\/acrj2020.profissional.ws\/?p=1692"},"modified":"2020-02-27T17:58:55","modified_gmt":"2020-02-27T20:58:55","slug":"conselhos-empresariais-da-acrj-fazem-balanco-do-ano-de-2019","status":"publish","type":"post","link":"https:\/\/acrj.org.br\/index.php\/2019\/11\/28\/conselhos-empresariais-da-acrj-fazem-balanco-do-ano-de-2019\/","title":{"rendered":"Conselhos Empresariais da ACRJ fazem balan\u00e7o do ano de 2019"},"content":{"rendered":"\n<p>Os presidentes dos Conselhos Empresariais da ACRJ se reuniram, dia 26, com a presidente Angela Costa, para apresentar o balan\u00e7o das realiza\u00e7\u00f5es dos Conselhos em 2019, entre outros temas. A presidente ressaltou o trabalho realizado durante ano e agradeceu o empenho dos presidentes e dos conselheiros em levar a discuss\u00e3o de assuntos importantes para a sociedade ao longo deste ano. \u201cO que a Casa avan\u00e7ou em 2019 teve como base a atua\u00e7\u00e3o dos Conselhos e os senhores presidentes, junto com os conselheiros, que os representam\u201d, afirmou.<\/p>\n\n\n\n<p>O vice-presidente de Conselhos Empresariais e Rela\u00e7\u00f5es Institucionais, Jos\u00e9 Domingos Vargas, que conduziu a reuni\u00e3o, tamb\u00e9m destacou o trabalho dos presidentes dos Conselhos. \u201cOs Conselhos Empresariais cumpriram inteiramente os tr\u00eas pilares que priorizamos, s\u00e3o eles, a rede de relacionamentos que criamos internamente, a defesa intransigente do segmento representado pelo Conselho e o cumprimento da miss\u00e3o da Casa, tanto no \u00e2mbito estadual quanto no federal\u201d, disse. Al\u00e9m de apresentarem uma retrospectiva das a\u00e7\u00f5es realizadas durante o ano, os presidentes de cada um dos Conselhos Empresariais tamb\u00e9m falaram das perspectivas para 2020.<\/p>\n\n\n\n<p>O lan\u00e7amento do Programa de Compliance e Integridade da ACRJ foi outro tema abordado na reuni\u00e3o. O programa ser\u00e1 lan\u00e7ado no pr\u00f3ximo dia 3, junto com o C\u00f3digo de Conduta \u00c9tica da ACRJ. A presidente destacou o trabalho de Jos\u00e9 Domingos Vargas e do presidente do Conselho Empresarial de Governan\u00e7a e Compliance, Humberto Mota Filho, que juntamente com representantes dos colaboradores, viabilizaram a implanta\u00e7\u00e3o do Programa. \u201cGra\u00e7as ao esfor\u00e7o desta equipe conseguimos implantar o nosso Programa de Compliance e todos est\u00e3o convidados para o lan\u00e7amento, que ser\u00e1 um&nbsp; momento importante para esta Casa\u201d, ressaltou Angela Costa.<\/p>\n","protected":false},"excerpt":{"rendered":"<p>Os presidentes dos Conselhos Empresariais da ACRJ se reuniram, dia 26, com a presidente Angela Costa, para apresentar o balan\u00e7o das realiza\u00e7\u00f5es dos Conselhos em&hellip;<\/p>\n","protected":false},"author":1,"featured_media":1693,"comment_status":"closed","ping_status":"closed","sticky":false,"template":"","format":"standard","meta":{"_exactmetrics_skip_tracking":false,"_exactmetrics_sitenote_active":false,"_exactmetrics_sitenote_note":"","_exactmetrics_sitenote_category":0,"footnotes":""},"categories":[10],"tags":[],"class_list":["post-1692","post","type-post","status-publish","format-standard","has-post-thumbnail","hentry","category-noticias"],"_links":{"self":[{"href":"https:\/\/acrj.org.br\/index.php\/wp-json\/wp\/v2\/posts\/1692","targetHints":{"allow":["GET"]}}],"collection":[{"href":"https:\/\/acrj.org.br\/index.php\/wp-json\/wp\/v2\/posts"}],"about":[{"href":"https:\/\/acrj.org.br\/index.php\/wp-json\/wp\/v2\/types\/post"}],"author":[{"embeddable":true,"href":"https:\/\/acrj.org.br\/index.php\/wp-json\/wp\/v2\/users\/1"}],"replies":[{"embeddable":true,"href":"https:\/\/acrj.org.br\/index.php\/wp-json\/wp\/v2\/comments?post=1692"}],"version-history":[{"count":0,"href":"https:\/\/acrj.org.br\/index.php\/wp-json\/wp\/v2\/posts\/1692\/revisions"}],"wp:featuredmedia":[{"embeddable":true,"href":"https:\/\/acrj.org.br\/index.php\/wp-json\/wp\/v2\/media\/1693"}],"wp:attachment":[{"href":"https:\/\/acrj.org.br\/index.php\/wp-json\/wp\/v2\/media?parent=1692"}],"wp:term":[{"taxonomy":"category","embeddable":true,"href":"https:\/\/acrj.org.br\/index.php\/wp-json\/wp\/v2\/categories?post=1692"},{"taxonomy":"post_tag","embeddable":true,"href":"https:\/\/acrj.org.br\/index.php\/wp-json\/wp\/v2\/tags?post=1692"}],"curies":[{"name":"wp","href":"https:\/\/api.w.org\/{rel}","templated":true}]}}