{"id":1686,"date":"2019-12-02T17:35:00","date_gmt":"2019-12-02T20:35:00","guid":{"rendered":"http:\/\/acrj2020.profissional.ws\/?p=1686"},"modified":"2020-02-27T17:37:22","modified_gmt":"2020-02-27T20:37:22","slug":"campanha-direito-de-brincar","status":"publish","type":"post","link":"https:\/\/acrj.org.br\/index.php\/2019\/12\/02\/campanha-direito-de-brincar\/","title":{"rendered":"Campanha Direito de Brincar"},"content":{"rendered":"\n<p>A ACRJ se une a Campanha Direito de Brincar, promovida pelo Instituto Dom Luciano Mendes de Almeida e pelo escrit\u00f3rio D\u00e9cio Freire Advogados. Em 2018, foram distribu\u00eddos 12 mil brinquedos no Natal, em creches, orfanatos e para os projetos sociais das Varas da Inf\u00e2ncia e da Juventude do Tribunal de Justi\u00e7a do Rio de Janeiro.<\/p>\n\n\n\n<p>A previs\u00e3o, nesse ano, \u00e9 dobrar o n\u00famero de crian\u00e7as atendidas. As doa\u00e7\u00f5es, em nome do Instituto Dom Luciano, est\u00e3o sendo feitas via plataforma digital e qualquer quantia \u00e9 muito bem-vinda. Para ajudar, acesse o site &#8220;<a href=\"http:\/\/vaka.me\/811722\">Vakinha<\/a>&#8220;, no link espec\u00edfico da&nbsp;<a href=\"http:\/\/vaka.me\/811722\">campanha<\/a>.<\/p>\n\n\n\n<p>Os brinquedos tamb\u00e9m podem ser doados no pr\u00e9dio da ACRJ, na rua Candel\u00e1ria, 9, Centro do Rio de Janeiro.<\/p>\n","protected":false},"excerpt":{"rendered":"<p>A ACRJ se une a Campanha Direito de Brincar, promovida pelo Instituto Dom Luciano Mendes de Almeida e pelo escrit\u00f3rio D\u00e9cio Freire Advogados. Em 2018,&hellip;<\/p>\n","protected":false},"author":1,"featured_media":1687,"comment_status":"closed","ping_status":"closed","sticky":false,"template":"","format":"standard","meta":{"_exactmetrics_skip_tracking":false,"_exactmetrics_sitenote_active":false,"_exactmetrics_sitenote_note":"","_exactmetrics_sitenote_category":0,"footnotes":""},"categories":[10],"tags":[],"class_list":["post-1686","post","type-post","status-publish","format-standard","has-post-thumbnail","hentry","category-noticias"],"_links":{"self":[{"href":"https:\/\/acrj.org.br\/index.php\/wp-json\/wp\/v2\/posts\/1686","targetHints":{"allow":["GET"]}}],"collection":[{"href":"https:\/\/acrj.org.br\/index.php\/wp-json\/wp\/v2\/posts"}],"about":[{"href":"https:\/\/acrj.org.br\/index.php\/wp-json\/wp\/v2\/types\/post"}],"author":[{"embeddable":true,"href":"https:\/\/acrj.org.br\/index.php\/wp-json\/wp\/v2\/users\/1"}],"replies":[{"embeddable":true,"href":"https:\/\/acrj.org.br\/index.php\/wp-json\/wp\/v2\/comments?post=1686"}],"version-history":[{"count":0,"href":"https:\/\/acrj.org.br\/index.php\/wp-json\/wp\/v2\/posts\/1686\/revisions"}],"wp:featuredmedia":[{"embeddable":true,"href":"https:\/\/acrj.org.br\/index.php\/wp-json\/wp\/v2\/media\/1687"}],"wp:attachment":[{"href":"https:\/\/acrj.org.br\/index.php\/wp-json\/wp\/v2\/media?parent=1686"}],"wp:term":[{"taxonomy":"category","embeddable":true,"href":"https:\/\/acrj.org.br\/index.php\/wp-json\/wp\/v2\/categories?post=1686"},{"taxonomy":"post_tag","embeddable":true,"href":"https:\/\/acrj.org.br\/index.php\/wp-json\/wp\/v2\/tags?post=1686"}],"curies":[{"name":"wp","href":"https:\/\/api.w.org\/{rel}","templated":true}]}}