{"id":1683,"date":"2019-12-11T16:31:00","date_gmt":"2019-12-11T19:31:00","guid":{"rendered":"http:\/\/acrj2020.profissional.ws\/?p=1683"},"modified":"2020-02-27T17:39:41","modified_gmt":"2020-02-27T20:39:41","slug":"presidente-da-eletrobras-fala-de-privatizacao-e-reestruturacao-da-empresa-durante-palestra-na-acrj","status":"publish","type":"post","link":"https:\/\/acrj.org.br\/index.php\/2019\/12\/11\/presidente-da-eletrobras-fala-de-privatizacao-e-reestruturacao-da-empresa-durante-palestra-na-acrj\/","title":{"rendered":"Presidente da Eletrobras fala de privatiza\u00e7\u00e3o e reestrutura\u00e7\u00e3o da empresa durante palestra na ACRJ"},"content":{"rendered":"\n<p>\u201cReestrutura\u00e7\u00e3o da Eletrobras e a Perspectiva e Import\u00e2ncia da Privatiza\u00e7\u00e3o\u201d foi o tema da palestra do presidente da Eletrobras, Wilson Ferreira Junior, na ACRJ durante o Almo\u00e7o do Empres\u00e1rio, realizado nessa ter\u00e7a. 10 de dezembro. Na ocasi\u00e3o, Ferreira Junior disse que espera que o projeto de lei, que trata da privatiza\u00e7\u00e3o da Eletrobras, seja aprovado no Congresso no primeiro semestre de 2020.<\/p>\n\n\n\n<p>Segundo ele, a ideia \u00e9 oferecer novas a\u00e7\u00f5es da empresa ao mercado, reduzindo a participa\u00e7\u00e3o do Governo. \u201cO Governo vai ficar com menos de 51%. Ele n\u00e3o vai acompanhar o aumento de capital. Ele vai ficar com um enorme estoque, uns 45%\u201d, afirmou Ferreira Junior sobre a eventual privatiza\u00e7\u00e3o da companhia.&nbsp;<\/p>\n\n\n\n<p>De acordo com o presidente da Eletrobras, a privatiza\u00e7\u00e3o n\u00e3o vai abranger a Eletronuclear, controladora das usinas de Angra 1, 2 e 3 e a Itaipu Binacional, j\u00e1 que por raz\u00f5es constitucionais ficar\u00e3o com a Uni\u00e3o.<\/p>\n\n\n\n<p>O executivo informou que, com a eventual privatiza\u00e7\u00e3o, a empresa pode focar na Am\u00e9rica Latina. \u201cA Eletrobras, no momento em que for privada, deve olhar para a Am\u00e9rica Latina como uma regi\u00e3o onde ela tem caracter\u00edsticas distintas para investir\u201d, acrescentou.<\/p>\n\n\n\n<p>Ao longo da palestra, o presidente da companhia ressaltou que nos \u00faltimos tr\u00eas anos, a Eletrobras reduziu custos em 40% e conseguiu concluir todas as obras, como exemplo, Belo Monte. Ferreira Junior disse que ir\u00e1 colocar em opera\u00e7\u00e3o 250 MW (megawatts) de parques e\u00f3licos at\u00e9 janeiro de 2020, por meio das subsidi\u00e1rias Furnas e Chesf.<\/p>\n\n\n\n<p>Na ACRJ, Ferreira Junior foi recebido pela presidente da Associa\u00e7\u00e3o Comercial do Rio de Janeiro, Angela Costa, que lembrou a import\u00e2ncia da companhia. \u201cA Eletrobras \u00e9 l\u00edder na transmiss\u00e3o, com aproximadamente metade do total de linhas em sua rede b\u00e1sica, de alta e extra-alta tens\u00e3o. Al\u00e9m das subsidi\u00e1rias, como a Chesf, a Eletronorte e Furnas, ela det\u00e9m metade do capital da Itaipu Binacional. E tamb\u00e9m controla a Eletronuclear, respons\u00e1vel pelas usinas de Angra dos Reis\u201d, disse.<\/p>\n\n\n\n<p>Conforme Angela Costa, \u201co desafio do engenheiro Wilson Ferreira Junior \u00e9 exatamente pavimentar o caminho para a privatiza\u00e7\u00e3o desse colosso estatal. Sabe-se que o tema \u00e9 pol\u00eamico e desperta debates acalorados, como tudo que envolve a privatiza\u00e7\u00e3o de grandes estatais em nosso pa\u00eds\u201d.<\/p>\n","protected":false},"excerpt":{"rendered":"<p>\u201cReestrutura\u00e7\u00e3o da Eletrobras e a Perspectiva e Import\u00e2ncia da Privatiza\u00e7\u00e3o\u201d foi o tema da palestra do presidente da Eletrobras, Wilson Ferreira Junior, na ACRJ durante&hellip;<\/p>\n","protected":false},"author":1,"featured_media":1684,"comment_status":"closed","ping_status":"closed","sticky":false,"template":"","format":"standard","meta":{"_exactmetrics_skip_tracking":false,"_exactmetrics_sitenote_active":false,"_exactmetrics_sitenote_note":"","_exactmetrics_sitenote_category":0,"footnotes":""},"categories":[10],"tags":[],"class_list":["post-1683","post","type-post","status-publish","format-standard","has-post-thumbnail","hentry","category-noticias"],"_links":{"self":[{"href":"https:\/\/acrj.org.br\/index.php\/wp-json\/wp\/v2\/posts\/1683","targetHints":{"allow":["GET"]}}],"collection":[{"href":"https:\/\/acrj.org.br\/index.php\/wp-json\/wp\/v2\/posts"}],"about":[{"href":"https:\/\/acrj.org.br\/index.php\/wp-json\/wp\/v2\/types\/post"}],"author":[{"embeddable":true,"href":"https:\/\/acrj.org.br\/index.php\/wp-json\/wp\/v2\/users\/1"}],"replies":[{"embeddable":true,"href":"https:\/\/acrj.org.br\/index.php\/wp-json\/wp\/v2\/comments?post=1683"}],"version-history":[{"count":0,"href":"https:\/\/acrj.org.br\/index.php\/wp-json\/wp\/v2\/posts\/1683\/revisions"}],"wp:featuredmedia":[{"embeddable":true,"href":"https:\/\/acrj.org.br\/index.php\/wp-json\/wp\/v2\/media\/1684"}],"wp:attachment":[{"href":"https:\/\/acrj.org.br\/index.php\/wp-json\/wp\/v2\/media?parent=1683"}],"wp:term":[{"taxonomy":"category","embeddable":true,"href":"https:\/\/acrj.org.br\/index.php\/wp-json\/wp\/v2\/categories?post=1683"},{"taxonomy":"post_tag","embeddable":true,"href":"https:\/\/acrj.org.br\/index.php\/wp-json\/wp\/v2\/tags?post=1683"}],"curies":[{"name":"wp","href":"https:\/\/api.w.org\/{rel}","templated":true}]}}