{"id":16825,"date":"2023-07-10T18:12:45","date_gmt":"2023-07-10T21:12:45","guid":{"rendered":"https:\/\/acrj.org.br\/?p=16825"},"modified":"2023-07-10T20:39:22","modified_gmt":"2023-07-10T23:39:22","slug":"ricardo-guinancio","status":"publish","type":"post","link":"https:\/\/acrj.org.br\/index.php\/2023\/07\/10\/ricardo-guinancio\/","title":{"rendered":"Ricardo Guin\u00e2ncio"},"content":{"rendered":"\n<p>Empreendedor, conselheiro, speaker, professor e mentor. CEO de O Neg\u00f3cio do Varejo, Diretor de Varejo da ABCOMM, Diretor de Inova\u00e7\u00e3o da ABIESV, Conselheiro de Inova\u00e7\u00e3o do CONIN (ACSP), Conselheiro de varejo do CDV\/ACSP. RealizadoR dos Programas de conhecimento e experi\u00eancias de neg\u00f3cios: Nova York, Chicago, Lisboa, Rio de Janeiro e Curitiba e eventos premium: New York Retail Summit (EUA), Lisbon Innovation Summit (Portugal), Future of Retail Conference (SP), dentre outros.<\/p>\n","protected":false},"excerpt":{"rendered":"<p>Vice-presidente do Conselho Empresarial de Varejo<\/p>\n","protected":false},"author":1,"featured_media":16888,"comment_status":"closed","ping_status":"closed","sticky":false,"template":"","format":"standard","meta":{"_exactmetrics_skip_tracking":false,"_exactmetrics_sitenote_active":false,"_exactmetrics_sitenote_note":"","_exactmetrics_sitenote_category":0,"footnotes":""},"categories":[36],"tags":[],"class_list":["post-16825","post","type-post","status-publish","format-standard","has-post-thumbnail","hentry","category-perfil"],"_links":{"self":[{"href":"https:\/\/acrj.org.br\/index.php\/wp-json\/wp\/v2\/posts\/16825","targetHints":{"allow":["GET"]}}],"collection":[{"href":"https:\/\/acrj.org.br\/index.php\/wp-json\/wp\/v2\/posts"}],"about":[{"href":"https:\/\/acrj.org.br\/index.php\/wp-json\/wp\/v2\/types\/post"}],"author":[{"embeddable":true,"href":"https:\/\/acrj.org.br\/index.php\/wp-json\/wp\/v2\/users\/1"}],"replies":[{"embeddable":true,"href":"https:\/\/acrj.org.br\/index.php\/wp-json\/wp\/v2\/comments?post=16825"}],"version-history":[{"count":0,"href":"https:\/\/acrj.org.br\/index.php\/wp-json\/wp\/v2\/posts\/16825\/revisions"}],"wp:featuredmedia":[{"embeddable":true,"href":"https:\/\/acrj.org.br\/index.php\/wp-json\/wp\/v2\/media\/16888"}],"wp:attachment":[{"href":"https:\/\/acrj.org.br\/index.php\/wp-json\/wp\/v2\/media?parent=16825"}],"wp:term":[{"taxonomy":"category","embeddable":true,"href":"https:\/\/acrj.org.br\/index.php\/wp-json\/wp\/v2\/categories?post=16825"},{"taxonomy":"post_tag","embeddable":true,"href":"https:\/\/acrj.org.br\/index.php\/wp-json\/wp\/v2\/tags?post=16825"}],"curies":[{"name":"wp","href":"https:\/\/api.w.org\/{rel}","templated":true}]}}