{"id":16814,"date":"2023-07-10T18:05:21","date_gmt":"2023-07-10T21:05:21","guid":{"rendered":"https:\/\/acrj.org.br\/?p=16814"},"modified":"2023-07-26T16:52:03","modified_gmt":"2023-07-26T19:52:03","slug":"luis-felipe-salles","status":"publish","type":"post","link":"https:\/\/acrj.org.br\/index.php\/2023\/07\/10\/luis-felipe-salles\/","title":{"rendered":"Luis Felipe Salles"},"content":{"rendered":"\n<p>Formado pela FGV-RJ. Conselheiro do N\u00facleo de Desenvolvimento Expans\u00e3o Varejo; Fundador e CEO da Mix Retail Malls &#8211; Concep\u00e7\u00e3o, Gest\u00e3o e Comercializa\u00e7\u00e3o de Shopping Centers; s\u00f3cio do Lages Garden Shopping- SC. Cofundador e s\u00f3cio da Papel Semente, s\u00f3cio do Restaurante Las Lenas, Jardim Pamplona SP; coautor do livro Faces do Varejo. Possui 42 anos de trabalho, sendo os nove primeiros no McDonald&#8217;s. H\u00e1 25 anos na gest\u00e3o comercial de Shopping Centers. Atuou 15 anos como diretor comercial com a entrega de 36 grandes shoppings para as redes Multiplan, Ancar, Almeida Junior, Saga Malls, Grupo Tenco, Multi Development, (NL), Westfield (AU) e Melancia Mall (UY).<\/p>\n","protected":false},"excerpt":{"rendered":"<p>MBA em Gest\u00e3o de Varejo com \u00eanfase em e-commerce <\/p>\n","protected":false},"author":1,"featured_media":16763,"comment_status":"closed","ping_status":"closed","sticky":false,"template":"","format":"standard","meta":{"_exactmetrics_skip_tracking":false,"_exactmetrics_sitenote_active":false,"_exactmetrics_sitenote_note":"","_exactmetrics_sitenote_category":0,"footnotes":""},"categories":[36],"tags":[],"class_list":["post-16814","post","type-post","status-publish","format-standard","has-post-thumbnail","hentry","category-perfil"],"_links":{"self":[{"href":"https:\/\/acrj.org.br\/index.php\/wp-json\/wp\/v2\/posts\/16814","targetHints":{"allow":["GET"]}}],"collection":[{"href":"https:\/\/acrj.org.br\/index.php\/wp-json\/wp\/v2\/posts"}],"about":[{"href":"https:\/\/acrj.org.br\/index.php\/wp-json\/wp\/v2\/types\/post"}],"author":[{"embeddable":true,"href":"https:\/\/acrj.org.br\/index.php\/wp-json\/wp\/v2\/users\/1"}],"replies":[{"embeddable":true,"href":"https:\/\/acrj.org.br\/index.php\/wp-json\/wp\/v2\/comments?post=16814"}],"version-history":[{"count":0,"href":"https:\/\/acrj.org.br\/index.php\/wp-json\/wp\/v2\/posts\/16814\/revisions"}],"wp:featuredmedia":[{"embeddable":true,"href":"https:\/\/acrj.org.br\/index.php\/wp-json\/wp\/v2\/media\/16763"}],"wp:attachment":[{"href":"https:\/\/acrj.org.br\/index.php\/wp-json\/wp\/v2\/media?parent=16814"}],"wp:term":[{"taxonomy":"category","embeddable":true,"href":"https:\/\/acrj.org.br\/index.php\/wp-json\/wp\/v2\/categories?post=16814"},{"taxonomy":"post_tag","embeddable":true,"href":"https:\/\/acrj.org.br\/index.php\/wp-json\/wp\/v2\/tags?post=16814"}],"curies":[{"name":"wp","href":"https:\/\/api.w.org\/{rel}","templated":true}]}}