{"id":16812,"date":"2023-07-10T18:03:43","date_gmt":"2023-07-10T21:03:43","guid":{"rendered":"https:\/\/acrj.org.br\/?p=16812"},"modified":"2023-07-26T16:53:01","modified_gmt":"2023-07-26T19:53:01","slug":"luis-jairo","status":"publish","type":"post","link":"https:\/\/acrj.org.br\/index.php\/2023\/07\/10\/luis-jairo\/","title":{"rendered":"Luis Jairo"},"content":{"rendered":"\n<p>Vinte e tr\u00eas anos de ampla experi\u00eancia na implanta\u00e7\u00e3o e manuten\u00e7\u00e3o de sistemas, gest\u00e3o de equipes e implementa\u00e7\u00e3o de melhorias, desenvolvendo a trajet\u00f3ria em empresas de m\u00e9dio e grande porte. Formado em Tecn\u00f3logo em Processamento de Dados (1991), Gest\u00e3o em Tecnologia da Informa\u00e7\u00e3o pela FGV (2021) e E-Commerce\/Modelos Digitais pela FGV (2021). Possui viv\u00eancia internacional em visitas t\u00e9cnicas realizadas nos EUA, China, Londres e Noruega. Atualmente est\u00e1 \u00e0 frente do Grupo Alvorada \u2013 Rede Supermarket, como Head de Tecnologia, coordenador do Comit\u00ea de Tecnologia da Rede Supermarket (SAERJ). \u00c9 coordenador do Comit\u00ea de Tecnologia da Associa\u00e7\u00e3o dos Supermercadistas do Estado do Rio de Janeiro (Asserj).<\/p>\n","protected":false},"excerpt":{"rendered":"<p>Carreira desenvolvida na \u00e1rea de Tecnologia da Informa\u00e7\u00e3o aplicada ao varejo<\/p>\n","protected":false},"author":1,"featured_media":16764,"comment_status":"closed","ping_status":"closed","sticky":false,"template":"","format":"standard","meta":{"_exactmetrics_skip_tracking":false,"_exactmetrics_sitenote_active":false,"_exactmetrics_sitenote_note":"","_exactmetrics_sitenote_category":0,"footnotes":""},"categories":[36],"tags":[],"class_list":["post-16812","post","type-post","status-publish","format-standard","has-post-thumbnail","hentry","category-perfil"],"_links":{"self":[{"href":"https:\/\/acrj.org.br\/index.php\/wp-json\/wp\/v2\/posts\/16812","targetHints":{"allow":["GET"]}}],"collection":[{"href":"https:\/\/acrj.org.br\/index.php\/wp-json\/wp\/v2\/posts"}],"about":[{"href":"https:\/\/acrj.org.br\/index.php\/wp-json\/wp\/v2\/types\/post"}],"author":[{"embeddable":true,"href":"https:\/\/acrj.org.br\/index.php\/wp-json\/wp\/v2\/users\/1"}],"replies":[{"embeddable":true,"href":"https:\/\/acrj.org.br\/index.php\/wp-json\/wp\/v2\/comments?post=16812"}],"version-history":[{"count":0,"href":"https:\/\/acrj.org.br\/index.php\/wp-json\/wp\/v2\/posts\/16812\/revisions"}],"wp:featuredmedia":[{"embeddable":true,"href":"https:\/\/acrj.org.br\/index.php\/wp-json\/wp\/v2\/media\/16764"}],"wp:attachment":[{"href":"https:\/\/acrj.org.br\/index.php\/wp-json\/wp\/v2\/media?parent=16812"}],"wp:term":[{"taxonomy":"category","embeddable":true,"href":"https:\/\/acrj.org.br\/index.php\/wp-json\/wp\/v2\/categories?post=16812"},{"taxonomy":"post_tag","embeddable":true,"href":"https:\/\/acrj.org.br\/index.php\/wp-json\/wp\/v2\/tags?post=16812"}],"curies":[{"name":"wp","href":"https:\/\/api.w.org\/{rel}","templated":true}]}}