{"id":16808,"date":"2023-07-10T18:00:37","date_gmt":"2023-07-10T21:00:37","guid":{"rendered":"https:\/\/acrj.org.br\/?p=16808"},"modified":"2023-07-26T16:56:33","modified_gmt":"2023-07-26T19:56:33","slug":"fernando-blower","status":"publish","type":"post","link":"https:\/\/acrj.org.br\/index.php\/2023\/07\/10\/fernando-blower\/","title":{"rendered":"Fernando Blower"},"content":{"rendered":"\n<p>MBA em Gest\u00e3o de Neg\u00f3cios na COPPEAD\/UFRJ, atuando em direto administrativo e direito privado. Come\u00e7ou a empreender em 2008, abrindo o Meza Bar, premiado gastrobar do Rio de Janeiro. Empreendeu, geriu e assessorou projetos nos \u00faltimos 15 anos, abrindo recentemente o Yay\u00e1 Comidaria, restaurante de comida afro-brasileira. Preside o SindRio \u2013 Sindicato de Bares e Restaurantes do Rio de Janeiro e \u00e9 diretor Executivo da ANR &#8211; Associa\u00e7\u00e3o Nacional de Restaurantes. Tem assento em Conselhos na Firjan, Fecom\u00e9rcio, CNC, Senac e Secretaria Estadual e Municipal de Turismo.<\/p>\n","protected":false},"excerpt":{"rendered":"<p>Formado em Direito pela UERJ, p\u00f3s-graduado em direito empresarial na FGV<\/p>\n","protected":false},"author":1,"featured_media":16758,"comment_status":"closed","ping_status":"closed","sticky":false,"template":"","format":"standard","meta":{"_exactmetrics_skip_tracking":false,"_exactmetrics_sitenote_active":false,"_exactmetrics_sitenote_note":"","_exactmetrics_sitenote_category":0,"footnotes":""},"categories":[36],"tags":[],"class_list":["post-16808","post","type-post","status-publish","format-standard","has-post-thumbnail","hentry","category-perfil"],"_links":{"self":[{"href":"https:\/\/acrj.org.br\/index.php\/wp-json\/wp\/v2\/posts\/16808","targetHints":{"allow":["GET"]}}],"collection":[{"href":"https:\/\/acrj.org.br\/index.php\/wp-json\/wp\/v2\/posts"}],"about":[{"href":"https:\/\/acrj.org.br\/index.php\/wp-json\/wp\/v2\/types\/post"}],"author":[{"embeddable":true,"href":"https:\/\/acrj.org.br\/index.php\/wp-json\/wp\/v2\/users\/1"}],"replies":[{"embeddable":true,"href":"https:\/\/acrj.org.br\/index.php\/wp-json\/wp\/v2\/comments?post=16808"}],"version-history":[{"count":0,"href":"https:\/\/acrj.org.br\/index.php\/wp-json\/wp\/v2\/posts\/16808\/revisions"}],"wp:featuredmedia":[{"embeddable":true,"href":"https:\/\/acrj.org.br\/index.php\/wp-json\/wp\/v2\/media\/16758"}],"wp:attachment":[{"href":"https:\/\/acrj.org.br\/index.php\/wp-json\/wp\/v2\/media?parent=16808"}],"wp:term":[{"taxonomy":"category","embeddable":true,"href":"https:\/\/acrj.org.br\/index.php\/wp-json\/wp\/v2\/categories?post=16808"},{"taxonomy":"post_tag","embeddable":true,"href":"https:\/\/acrj.org.br\/index.php\/wp-json\/wp\/v2\/tags?post=16808"}],"curies":[{"name":"wp","href":"https:\/\/api.w.org\/{rel}","templated":true}]}}