{"id":16781,"date":"2023-07-10T17:34:22","date_gmt":"2023-07-10T20:34:22","guid":{"rendered":"https:\/\/acrj.org.br\/?p=16781"},"modified":"2023-07-10T20:38:20","modified_gmt":"2023-07-10T23:38:20","slug":"juedir-teixeira","status":"publish","type":"post","link":"https:\/\/acrj.org.br\/index.php\/2023\/07\/10\/juedir-teixeira\/","title":{"rendered":"Juedir Teixeira"},"content":{"rendered":"\n<p>Profissional com longa experi\u00eancia de mercado. Administrador, Economista e Contador; Mestre em Gest\u00e3o Estrat\u00e9gica de Neg\u00f3cios; Doutor em administra\u00e7\u00e3o (PhD); Empres\u00e1rio lojista, professor da FGV e outras universidades, Consultor da \u00e1rea de Gest\u00e3o de Neg\u00f3cios; palestrante e autor dos livros \u201cGest\u00e3o Estrat\u00e9gica de Neg\u00f3cios: M\u00e9trica de avalia\u00e7\u00e3o de Desempenho Organizacional, da editora Gramma, e Gest\u00e3o de Neg\u00f3cios: uma abordagem pr\u00e1tica da Editora Anagramma, e coautor dos livros: Excel\u00eancia em Atendimento ao Cliente e Consultoria Empresarial e Treinamento Comportamental. Conselheiro da Associa\u00e7\u00e3o Comercial de S\u00e3o Paulo e Vice-presidente do Sindicato dos Lojistas do Rio de Janeiro.<\/p>\n","protected":false},"excerpt":{"rendered":"<p>Presidente do Conselho Empresarial de Varejo<\/p>\n","protected":false},"author":1,"featured_media":16887,"comment_status":"closed","ping_status":"closed","sticky":false,"template":"","format":"standard","meta":{"_exactmetrics_skip_tracking":false,"_exactmetrics_sitenote_active":false,"_exactmetrics_sitenote_note":"","_exactmetrics_sitenote_category":0,"footnotes":""},"categories":[36],"tags":[],"class_list":["post-16781","post","type-post","status-publish","format-standard","has-post-thumbnail","hentry","category-perfil"],"_links":{"self":[{"href":"https:\/\/acrj.org.br\/index.php\/wp-json\/wp\/v2\/posts\/16781","targetHints":{"allow":["GET"]}}],"collection":[{"href":"https:\/\/acrj.org.br\/index.php\/wp-json\/wp\/v2\/posts"}],"about":[{"href":"https:\/\/acrj.org.br\/index.php\/wp-json\/wp\/v2\/types\/post"}],"author":[{"embeddable":true,"href":"https:\/\/acrj.org.br\/index.php\/wp-json\/wp\/v2\/users\/1"}],"replies":[{"embeddable":true,"href":"https:\/\/acrj.org.br\/index.php\/wp-json\/wp\/v2\/comments?post=16781"}],"version-history":[{"count":0,"href":"https:\/\/acrj.org.br\/index.php\/wp-json\/wp\/v2\/posts\/16781\/revisions"}],"wp:featuredmedia":[{"embeddable":true,"href":"https:\/\/acrj.org.br\/index.php\/wp-json\/wp\/v2\/media\/16887"}],"wp:attachment":[{"href":"https:\/\/acrj.org.br\/index.php\/wp-json\/wp\/v2\/media?parent=16781"}],"wp:term":[{"taxonomy":"category","embeddable":true,"href":"https:\/\/acrj.org.br\/index.php\/wp-json\/wp\/v2\/categories?post=16781"},{"taxonomy":"post_tag","embeddable":true,"href":"https:\/\/acrj.org.br\/index.php\/wp-json\/wp\/v2\/tags?post=16781"}],"curies":[{"name":"wp","href":"https:\/\/api.w.org\/{rel}","templated":true}]}}