{"id":16729,"date":"2023-07-07T23:16:25","date_gmt":"2023-07-08T02:16:25","guid":{"rendered":"https:\/\/acrj.org.br\/?p=16729"},"modified":"2023-07-07T23:16:26","modified_gmt":"2023-07-08T02:16:26","slug":"humberto-mota-filho","status":"publish","type":"post","link":"https:\/\/acrj.org.br\/index.php\/2023\/07\/07\/humberto-mota-filho\/","title":{"rendered":"Humberto Mota filho"},"content":{"rendered":"\n<p>Bacharel em Direito (PUC\/Rio), Doutor em Ci\u00eancia Pol\u00edtica (IUPERJ) e Mestre em Direito (UCAM). Certificated Official, MOFCOM Training Base for International Business Officials (Shanghai Business School). \u00c9 p\u00f3s-graduado em Direito da Empresa e da Economia (FGV) e em Projetos Financeiros (UERJ). \u00c9 consultor Jur\u00eddico S\u00eanior do BNDES e presidente do Conselho Empresarial de Governan\u00e7a, Compliance e Diversidade e benem\u00e9rito da ACRJ, presdiente da Comiss\u00e3o de Estudos da Transpar\u00eancia P\u00fablica da OAB\/RJ e pesquisador do CEBRAD\/UERJ. \u00c9 membro Fundador do IC Rio e idealizador da Revista Compliance Rio; membro do F\u00f3rum da Justi\u00e7a na Era Digital da Emerj; professor Convidado da FGV Law Program e da FGV Escola Executiva. Foi membro do Conselho de Governan\u00e7a da Autoridade P\u00fablica Ol\u00edmpica da Rio 2016 e assessor S\u00eanior da Presid\u00eancia do BNDES. Assumiu a 2\u00aa vice-presid\u00eancia da ACRJ para o mandato\u00a0de\u00a02023-2025.<\/p>\n","protected":false},"excerpt":{"rendered":"<p>2\u00ba vice-presidente da ACRJ<\/p>\n","protected":false},"author":1,"featured_media":16602,"comment_status":"closed","ping_status":"closed","sticky":false,"template":"","format":"standard","meta":{"_exactmetrics_skip_tracking":false,"_exactmetrics_sitenote_active":false,"_exactmetrics_sitenote_note":"","_exactmetrics_sitenote_category":0,"footnotes":""},"categories":[36],"tags":[],"class_list":["post-16729","post","type-post","status-publish","format-standard","has-post-thumbnail","hentry","category-perfil"],"_links":{"self":[{"href":"https:\/\/acrj.org.br\/index.php\/wp-json\/wp\/v2\/posts\/16729","targetHints":{"allow":["GET"]}}],"collection":[{"href":"https:\/\/acrj.org.br\/index.php\/wp-json\/wp\/v2\/posts"}],"about":[{"href":"https:\/\/acrj.org.br\/index.php\/wp-json\/wp\/v2\/types\/post"}],"author":[{"embeddable":true,"href":"https:\/\/acrj.org.br\/index.php\/wp-json\/wp\/v2\/users\/1"}],"replies":[{"embeddable":true,"href":"https:\/\/acrj.org.br\/index.php\/wp-json\/wp\/v2\/comments?post=16729"}],"version-history":[{"count":0,"href":"https:\/\/acrj.org.br\/index.php\/wp-json\/wp\/v2\/posts\/16729\/revisions"}],"wp:featuredmedia":[{"embeddable":true,"href":"https:\/\/acrj.org.br\/index.php\/wp-json\/wp\/v2\/media\/16602"}],"wp:attachment":[{"href":"https:\/\/acrj.org.br\/index.php\/wp-json\/wp\/v2\/media?parent=16729"}],"wp:term":[{"taxonomy":"category","embeddable":true,"href":"https:\/\/acrj.org.br\/index.php\/wp-json\/wp\/v2\/categories?post=16729"},{"taxonomy":"post_tag","embeddable":true,"href":"https:\/\/acrj.org.br\/index.php\/wp-json\/wp\/v2\/tags?post=16729"}],"curies":[{"name":"wp","href":"https:\/\/api.w.org\/{rel}","templated":true}]}}