{"id":16585,"date":"2023-06-30T15:53:42","date_gmt":"2023-06-30T18:53:42","guid":{"rendered":"https:\/\/acrj.org.br\/?p=16585"},"modified":"2023-07-13T16:30:36","modified_gmt":"2023-07-13T19:30:36","slug":"posse-de-josier-vilar-na-acrj-reune-governador-claudio-castro-prefeito-eduardo-paes-e-cerca-de-500-convidados","status":"publish","type":"post","link":"https:\/\/acrj.org.br\/index.php\/2023\/06\/30\/posse-de-josier-vilar-na-acrj-reune-governador-claudio-castro-prefeito-eduardo-paes-e-cerca-de-500-convidados\/","title":{"rendered":"Posse de Josier Vilar na ACRJ re\u00fane governador Cl\u00e1udio Castro, Prefeito Eduardo Paes e cerca de 500 convidados"},"content":{"rendered":"\n<p>A posse do <strong>presidente Josier Vilar<\/strong> na <strong>Associa\u00e7\u00e3o Comercial do Rio de Janeiro<\/strong>, uma das mais concorridas dos \u00faltimos anos, reuniu cerca de quinhentos convidados e contou com a presen\u00e7a das duas maiores autoridades do Estado e do Munic\u00edpio, o <strong>governador Cl\u00e1udio Castro<\/strong> e o <strong>prefeito Eduardo Paes<\/strong>. A cerim\u00f4nia de celebra\u00e7\u00e3o da posse do novo presidente, <a href=\"https:\/\/acrj.org.br\/index.php\/2023\/05\/16\/conselho-superior-e-acrj-elegem-novos-presidentes-para-o-bienio-2023-2025\/\"><strong>eleito em 16 de maio<\/strong><\/a> para o mandato 2023\/2025, contou ainda com a participa\u00e7\u00e3o do presidente do Conselho Superior, Ruy Barreto Filho, Marta Arakaki, vice-presidente; e Marco Antonio Moreira Leite, diretor-secret\u00e1rio e os 1\u00ba e 2\u00ba vice-presidentes indicados, Eduardo Rebuzzi e Humberto Mota Filho, respectivamente, al\u00e9m de diretores eleitos, autoridades, diretores da Associa\u00e7\u00e3o Comercial, dirigentes de institui\u00e7\u00f5es de classe, parlamentares, empres\u00e1rios e convidados. A diretora Maria Luiza Nobre falou em nome da diretoria eleita e empossada e a harpista Vanja Ferreira fez uma apresenta\u00e7\u00e3o durante o evento.<\/p>\n\n\n\n<p>A programa\u00e7\u00e3o foi aberta com uma cerim\u00f4nia inter-religiosa com o Rabino S\u00e9rgio Margulies, da Associa\u00e7\u00e3o Religiosa Israelita do Rio de Janeiro; o Reverendo Alcio Braz, irm\u00e3o da Ordem Budista dos Hospital\u00e1rios do Darma; o Babalorix\u00e1 M\u00e1rcio de Jagun, coordenador da Diversidade Religiosa do Munic\u00edpio do Rio de Janeiro; o Pastor T\u00e9o Elias, da Igreja Presbiteriana Bet\u00e2nia em Niter\u00f3i; e o Cardeal-Arcebispo do Rio de Janeiro, Dom Orani Jo\u00e3o Tempesta.<\/p>\n\n\n\n<p>O presidente Josier Vilar iniciou seu discurso agradecendo a presen\u00e7a dos convidados e dos l\u00edderes religiosos, \u201cque nos brindaram com esse lindo ato inter-religioso\u201d. Ele destacou, entre outros aspectos, o papel e o compromisso da ACRJ nesses pr\u00f3ximos dois anos.<\/p>\n\n\n\n<p>\u201cQuando falamos de uma Associa\u00e7\u00e3o Empresarial indutora de prosperidade no ambiente de neg\u00f3cios, e inovadora nos processos de gest\u00e3o e governan\u00e7a, estamos afirmando que esta Associa\u00e7\u00e3o tem compromissos com a responsabilidade social. Ser\u00e1 defensora da liberdade econ\u00f4mica, da prosperidade empresarial, do pleno emprego, do estado democr\u00e1tico de direito, da maior efici\u00eancia da m\u00e1quina p\u00fablica\u201d, disse.<\/p>\n\n\n\n<p>Josier Vilar se comprometeu a apoiar o Poder P\u00fablico no esfor\u00e7o de recuperar a cidade e o Estado. \u201cEstejam certos, governador e prefeito, que o Governo do Estado e a Prefeitura encontrar\u00e3o na ACRJ todo o apoio que necessitarem na constru\u00e7\u00e3o desse renascer de nossa cidade e Estado\u201d, afirmou. De acordo com ele, Associa\u00e7\u00f5es Empresariais s\u00f3lidas e de reputa\u00e7\u00e3o reconhecida&nbsp; fomentam a vida com prosperidade e um saud\u00e1vel ambiente de neg\u00f3cios. \u201cS\u00e3o inovadoras no pensamento e na a\u00e7\u00e3o, acreditam na capacita\u00e7\u00e3o profissional como diferencial de sucesso, oferecem apoio e servi\u00e7os aos seus associados, criam um ambiente de \u201cnetworking engagement\u201d, s\u00e3o um think tank empresarial que trabalha pela abertura de oportunidades para o crescimento do empreendedorismo e da inova\u00e7\u00e3o atrav\u00e9s da inclus\u00e3o e da diversidade de lideran\u00e7as no ecossistema empresarial\u201d, afirmou.<\/p>\n\n\n\n<p>O presidente do Conselho Superior, Ruy Barreto Filho, prestou uma homenagem a seu pai, Ruy Barreto, ex-presidente da ACRJ. \u201cMeu grande l\u00edder, educador e amigo, foi ele quem plantou em mim a semente do amor \u00e0 ACRJ. Prometo que seguirei seus ensinamentos e manterei seu legado\u201d, disse emocionado.<\/p>\n\n\n\n<p>Ele ressaltou que uma das metas da nova gest\u00e3o \u00e9 transformar a sede da Associa\u00e7\u00e3o Comercial em um s\u00edmbolo de inova\u00e7\u00e3o, empreendedorismo e apoio ao empresariado. E destacou a import\u00e2ncia da presen\u00e7a dos jovens na Casa de Mau\u00e1. \u201cAtrav\u00e9s dos jovens, pequenos e m\u00e9dio empres\u00e1rios iremos criar o futuro empres\u00e1rio moderno, onde a base educacional digital ser\u00e1 o combust\u00edvel da inova\u00e7\u00e3o e o acesso ao mundo empresarial.<\/p>\n\n\n\n<p>Com voc\u00ea, presidente, sairemos do modo anal\u00f3gico para o mundo digital\u201d, comemorou.<\/p>\n\n\n\n<p>O prefeito Eduardo Paes ressaltou a import\u00e2ncia da posse da ACRJ e a elei\u00e7\u00e3o do presidente Josier Vilar e disse que ser\u00e1 parceiro da nova gest\u00e3o da ACRJ. \u201cN\u00e3o tinha d\u00favida que a sua elei\u00e7\u00e3o foi positiva e hoje podemos ver aqui retratada nesta cerim\u00f4nia a for\u00e7a econ\u00f4mica do nosso estado e da nossa cidade. \u201cN\u00f3s da classe pol\u00edtica precisamos dos atores econ\u00f4micos e sociais e temos que trabalhar em conjunto. Que a ACRJ, pela sua hist\u00f3ria, identifique essas pautas e possa nos liderar junto com as demais institui\u00e7\u00f5es empresariais e assim a gente possa avan\u00e7ar. Parab\u00e9ns Josier, contamos com voc\u00ea\u201d, afirmou.<\/p>\n\n\n\n<p>Encerrando a cerim\u00f4nia, o governador Cl\u00e1udio Castro chamou a aten\u00e7\u00e3o sobre a rela\u00e7\u00e3o entre os governos nos seus diversos n\u00edveis e a Associa\u00e7\u00e3o Comercial. \u201cO Rio de Janeiro vem adquirindo uma maturidade pol\u00edtica muito grande, em rela\u00e7\u00e3o a outros estados. Apesar das diferen\u00e7as o Rio vem ganhando a capacidade de exercer o di\u00e1logo acima de tudo. Isso \u00e9 muito interessante porque quando a gente constr\u00f3i um processo de di\u00e1logo quem ganha \u00e9 a sociedade. Quem muda de verdade uma sociedade n\u00e3o \u00e9 a pol\u00edtica, mas sim quem gera emprego e renda, que \u00e9 o empres\u00e1rio, o empreendedor. A nova sociedade em que vivemos espera governos servidores, que trabalhem pelas pessoas\u201d, concluiu.<\/p>\n\n\n\n<p><strong>Leia o discurso do presidente Josier Vilar na \u00edntegra <a href=\"https:\/\/acrj.org.br\/wp-content\/uploads\/2023\/07\/Discurso-de-Posse-Josier-Marques-Vilar-Versao-04-em-03-07-2023_para-o-site.pdf\">aqui<\/a><\/strong><\/p>\n\n\n\n<p><strong>Leia o discurso do presidente Ruy Barreto Filho na \u00edntegra<\/strong> <a href=\"https:\/\/acrj.org.br\/wp-content\/uploads\/2023\/07\/DISCURSO-RUY-BARRETO-FILHO-EM-03.07.2023.pdf\"><strong>aqui<\/strong><\/a><\/p>\n\n\n\n<p>A cerim\u00f4nia na \u00edntegra est\u00e1 dispon\u00edvel no <strong>Canal ACRJ Divulga<\/strong>. Assista <a href=\"https:\/\/www.youtube.com\/live\/0IUNKYNVuLg?feature=share\"><strong>aqui<\/strong><\/a><\/p>\n\n\n\n<p><strong>Perfil \u2013 presidente Josier Vilar<\/strong><\/p>\n\n\n\n<p>O m\u00e9dico e empres\u00e1rio Josier Vilar \u00e9 formado em Medicina pela Universidade Federal Fluminense (UFF), com P\u00f3s-Gradua\u00e7\u00e3o em Gest\u00e3o de Crise e Governan\u00e7a Corporativa pelo Ibmec, MBA pela Coppead-UFRJ e mestrado em Pneumologia pela Universidade Federal Fluminense (UFF). Organizador do Livro Governan\u00e7a Corporativa em Sa\u00fade e coautor do livro Gest\u00e3o em Servi\u00e7os da Editora FGV. Autor de centenas de artigos sobre governan\u00e7a e gest\u00e3o em sa\u00fade e s\u00f3cio-fundador da Pronep Home Care e do IBKL. Possui mais de 25 anos de experi\u00eancia profissional em gest\u00e3o empresarial e atualmente \u00e9 o presidente da Iniciativa FIS (F\u00f3rum Inova\u00e7\u00e3o e Sa\u00fade) \u2013 uma organiza\u00e7\u00e3o sem fins lucrativos cujo prop\u00f3sito \u00e9 consolidar o ecossistema da sa\u00fade com foco na garantia de acesso a servi\u00e7os de medicina de qualidade para toda popula\u00e7\u00e3o. \u00c9 benem\u00e9rito e foi vice-presidente e presidente do Conselho Empresarial de Medicina e Sa\u00fade da ACRJ.<\/p>\n\n\n\n<figure class=\"wp-block-gallery has-nested-images columns-3 is-cropped wp-block-gallery-1 is-layout-flex wp-block-gallery-is-layout-flex\">\n<figure class=\"wp-block-image size-large\"><img fetchpriority=\"high\" decoding=\"async\" width=\"1024\" height=\"678\" data-id=\"16642\" src=\"https:\/\/acrj.org.br\/wp-content\/uploads\/2023\/06\/josier-discurso1-1024x678.jpeg\" alt=\"\" class=\"wp-image-16642\" srcset=\"https:\/\/acrj.org.br\/wp-content\/uploads\/2023\/06\/josier-discurso1-1024x678.jpeg 1024w, https:\/\/acrj.org.br\/wp-content\/uploads\/2023\/06\/josier-discurso1-600x398.jpeg 600w, https:\/\/acrj.org.br\/wp-content\/uploads\/2023\/06\/josier-discurso1-300x199.jpeg 300w, https:\/\/acrj.org.br\/wp-content\/uploads\/2023\/06\/josier-discurso1-768x509.jpeg 768w, https:\/\/acrj.org.br\/wp-content\/uploads\/2023\/06\/josier-discurso1-1536x1018.jpeg 1536w, https:\/\/acrj.org.br\/wp-content\/uploads\/2023\/06\/josier-discurso1.jpeg 1600w\" sizes=\"(max-width: 1024px) 100vw, 1024px\" \/><figcaption class=\"wp-element-caption\">Discurso do presidente<\/figcaption><\/figure>\n\n\n\n<figure class=\"wp-block-image size-large\"><img decoding=\"async\" width=\"1024\" height=\"678\" data-id=\"16643\" src=\"https:\/\/acrj.org.br\/wp-content\/uploads\/2023\/06\/famlia-1024x678.jpeg\" alt=\"\" class=\"wp-image-16643\" srcset=\"https:\/\/acrj.org.br\/wp-content\/uploads\/2023\/06\/famlia-1024x678.jpeg 1024w, https:\/\/acrj.org.br\/wp-content\/uploads\/2023\/06\/famlia-600x398.jpeg 600w, https:\/\/acrj.org.br\/wp-content\/uploads\/2023\/06\/famlia-300x199.jpeg 300w, https:\/\/acrj.org.br\/wp-content\/uploads\/2023\/06\/famlia-768x509.jpeg 768w, https:\/\/acrj.org.br\/wp-content\/uploads\/2023\/06\/famlia-1536x1018.jpeg 1536w, https:\/\/acrj.org.br\/wp-content\/uploads\/2023\/06\/famlia.jpeg 1600w\" sizes=\"(max-width: 1024px) 100vw, 1024px\" \/><figcaption class=\"wp-element-caption\">Familia Vilar celebra a posse do novo presidente<\/figcaption><\/figure>\n\n\n\n<figure class=\"wp-block-image size-large\"><img decoding=\"async\" width=\"1024\" height=\"678\" data-id=\"16644\" src=\"https:\/\/acrj.org.br\/wp-content\/uploads\/2023\/06\/lideres-religiosos-1024x678.jpeg\" alt=\"\" class=\"wp-image-16644\" srcset=\"https:\/\/acrj.org.br\/wp-content\/uploads\/2023\/06\/lideres-religiosos-1024x678.jpeg 1024w, https:\/\/acrj.org.br\/wp-content\/uploads\/2023\/06\/lideres-religiosos-600x398.jpeg 600w, https:\/\/acrj.org.br\/wp-content\/uploads\/2023\/06\/lideres-religiosos-300x199.jpeg 300w, https:\/\/acrj.org.br\/wp-content\/uploads\/2023\/06\/lideres-religiosos-768x509.jpeg 768w, https:\/\/acrj.org.br\/wp-content\/uploads\/2023\/06\/lideres-religiosos-1536x1018.jpeg 1536w, https:\/\/acrj.org.br\/wp-content\/uploads\/2023\/06\/lideres-religiosos.jpeg 1600w\" sizes=\"(max-width: 1024px) 100vw, 1024px\" \/><figcaption class=\"wp-element-caption\">L\u00edderes religiosos abriram a cerim\u00f4nia<\/figcaption><\/figure>\n\n\n\n<figure class=\"wp-block-image size-large\"><img loading=\"lazy\" decoding=\"async\" width=\"1024\" height=\"678\" data-id=\"16645\" src=\"https:\/\/acrj.org.br\/wp-content\/uploads\/2023\/06\/humberto-mota-1024x678.jpeg\" alt=\"\" class=\"wp-image-16645\" srcset=\"https:\/\/acrj.org.br\/wp-content\/uploads\/2023\/06\/humberto-mota-1024x678.jpeg 1024w, https:\/\/acrj.org.br\/wp-content\/uploads\/2023\/06\/humberto-mota-600x398.jpeg 600w, https:\/\/acrj.org.br\/wp-content\/uploads\/2023\/06\/humberto-mota-300x199.jpeg 300w, https:\/\/acrj.org.br\/wp-content\/uploads\/2023\/06\/humberto-mota-768x509.jpeg 768w, https:\/\/acrj.org.br\/wp-content\/uploads\/2023\/06\/humberto-mota-1536x1018.jpeg 1536w, https:\/\/acrj.org.br\/wp-content\/uploads\/2023\/06\/humberto-mota.jpeg 1600w\" sizes=\"(max-width: 1024px) 100vw, 1024px\" \/><figcaption class=\"wp-element-caption\">Governador, Humberto Mota e Josier Vilar<\/figcaption><\/figure>\n\n\n\n<figure class=\"wp-block-image size-large\"><img loading=\"lazy\" decoding=\"async\" width=\"1024\" height=\"678\" data-id=\"16646\" src=\"https:\/\/acrj.org.br\/wp-content\/uploads\/2023\/06\/marta-arakaki-e-lucy-barreto-1024x678.jpeg\" alt=\"\" class=\"wp-image-16646\" srcset=\"https:\/\/acrj.org.br\/wp-content\/uploads\/2023\/06\/marta-arakaki-e-lucy-barreto-1024x678.jpeg 1024w, https:\/\/acrj.org.br\/wp-content\/uploads\/2023\/06\/marta-arakaki-e-lucy-barreto-600x398.jpeg 600w, https:\/\/acrj.org.br\/wp-content\/uploads\/2023\/06\/marta-arakaki-e-lucy-barreto-300x199.jpeg 300w, https:\/\/acrj.org.br\/wp-content\/uploads\/2023\/06\/marta-arakaki-e-lucy-barreto-768x509.jpeg 768w, https:\/\/acrj.org.br\/wp-content\/uploads\/2023\/06\/marta-arakaki-e-lucy-barreto-1536x1018.jpeg 1536w, https:\/\/acrj.org.br\/wp-content\/uploads\/2023\/06\/marta-arakaki-e-lucy-barreto.jpeg 1600w\" sizes=\"(max-width: 1024px) 100vw, 1024px\" \/><figcaption class=\"wp-element-caption\">Maria Eugenia Stein, Marta Arakaki e Lucy Barreto com o presidente<\/figcaption><\/figure>\n\n\n\n<figure class=\"wp-block-image size-large\"><img loading=\"lazy\" decoding=\"async\" width=\"1024\" height=\"678\" data-id=\"16647\" src=\"https:\/\/acrj.org.br\/wp-content\/uploads\/2023\/06\/eduaro-eugenio-1024x678.jpeg\" alt=\"\" class=\"wp-image-16647\" srcset=\"https:\/\/acrj.org.br\/wp-content\/uploads\/2023\/06\/eduaro-eugenio-1024x678.jpeg 1024w, https:\/\/acrj.org.br\/wp-content\/uploads\/2023\/06\/eduaro-eugenio-600x398.jpeg 600w, https:\/\/acrj.org.br\/wp-content\/uploads\/2023\/06\/eduaro-eugenio-300x199.jpeg 300w, https:\/\/acrj.org.br\/wp-content\/uploads\/2023\/06\/eduaro-eugenio-768x509.jpeg 768w, https:\/\/acrj.org.br\/wp-content\/uploads\/2023\/06\/eduaro-eugenio-1536x1018.jpeg 1536w, https:\/\/acrj.org.br\/wp-content\/uploads\/2023\/06\/eduaro-eugenio.jpeg 1600w\" sizes=\"(max-width: 1024px) 100vw, 1024px\" \/><figcaption class=\"wp-element-caption\">Eduardo Eugenio Gouvea Vieira e Josier Vilar<\/figcaption><\/figure>\n\n\n\n<figure class=\"wp-block-image size-large\"><img loading=\"lazy\" decoding=\"async\" width=\"1024\" height=\"678\" data-id=\"16671\" src=\"https:\/\/acrj.org.br\/wp-content\/uploads\/2023\/06\/claudia-costin-aspasia-1024x678.jpeg\" alt=\"\" class=\"wp-image-16671\" srcset=\"https:\/\/acrj.org.br\/wp-content\/uploads\/2023\/06\/claudia-costin-aspasia-1024x678.jpeg 1024w, https:\/\/acrj.org.br\/wp-content\/uploads\/2023\/06\/claudia-costin-aspasia-600x398.jpeg 600w, https:\/\/acrj.org.br\/wp-content\/uploads\/2023\/06\/claudia-costin-aspasia-300x199.jpeg 300w, https:\/\/acrj.org.br\/wp-content\/uploads\/2023\/06\/claudia-costin-aspasia-768x509.jpeg 768w, https:\/\/acrj.org.br\/wp-content\/uploads\/2023\/06\/claudia-costin-aspasia-1536x1018.jpeg 1536w, https:\/\/acrj.org.br\/wp-content\/uploads\/2023\/06\/claudia-costin-aspasia.jpeg 1600w\" sizes=\"(max-width: 1024px) 100vw, 1024px\" \/><figcaption class=\"wp-element-caption\">Asp\u00e1sia Carmargo e Cl\u00e1udia Costin prestigiaram a cerim\u00f4nia<\/figcaption><\/figure>\n\n\n\n<figure class=\"wp-block-image size-large\"><img loading=\"lazy\" decoding=\"async\" width=\"1024\" height=\"678\" data-id=\"16673\" src=\"https:\/\/acrj.org.br\/wp-content\/uploads\/2023\/06\/ruy-e-rafael-barreto-1024x678.jpeg\" alt=\"\" class=\"wp-image-16673\" srcset=\"https:\/\/acrj.org.br\/wp-content\/uploads\/2023\/06\/ruy-e-rafael-barreto-1024x678.jpeg 1024w, https:\/\/acrj.org.br\/wp-content\/uploads\/2023\/06\/ruy-e-rafael-barreto-600x398.jpeg 600w, https:\/\/acrj.org.br\/wp-content\/uploads\/2023\/06\/ruy-e-rafael-barreto-300x199.jpeg 300w, https:\/\/acrj.org.br\/wp-content\/uploads\/2023\/06\/ruy-e-rafael-barreto-768x509.jpeg 768w, https:\/\/acrj.org.br\/wp-content\/uploads\/2023\/06\/ruy-e-rafael-barreto-1536x1018.jpeg 1536w, https:\/\/acrj.org.br\/wp-content\/uploads\/2023\/06\/ruy-e-rafael-barreto.jpeg 1600w\" sizes=\"(max-width: 1024px) 100vw, 1024px\" \/><figcaption class=\"wp-element-caption\">Rafael e Ruy Barreto Filho com Josier Vilar<\/figcaption><\/figure>\n\n\n\n<figure class=\"wp-block-image size-large\"><img loading=\"lazy\" decoding=\"async\" width=\"1024\" height=\"678\" data-id=\"16675\" src=\"https:\/\/acrj.org.br\/wp-content\/uploads\/2023\/06\/paulo-hartung-1024x678.jpeg\" alt=\"\" class=\"wp-image-16675\" srcset=\"https:\/\/acrj.org.br\/wp-content\/uploads\/2023\/06\/paulo-hartung-1024x678.jpeg 1024w, https:\/\/acrj.org.br\/wp-content\/uploads\/2023\/06\/paulo-hartung-600x398.jpeg 600w, https:\/\/acrj.org.br\/wp-content\/uploads\/2023\/06\/paulo-hartung-300x199.jpeg 300w, https:\/\/acrj.org.br\/wp-content\/uploads\/2023\/06\/paulo-hartung-768x509.jpeg 768w, https:\/\/acrj.org.br\/wp-content\/uploads\/2023\/06\/paulo-hartung-1536x1018.jpeg 1536w, https:\/\/acrj.org.br\/wp-content\/uploads\/2023\/06\/paulo-hartung.jpeg 1600w\" sizes=\"(max-width: 1024px) 100vw, 1024px\" \/><figcaption class=\"wp-element-caption\">Fred Luz, Paulo Hartung e Paulo Ganime<\/figcaption><\/figure>\n\n\n\n<figure class=\"wp-block-image size-large\"><img loading=\"lazy\" decoding=\"async\" width=\"1024\" height=\"678\" data-id=\"16694\" src=\"https:\/\/acrj.org.br\/wp-content\/uploads\/2023\/06\/WhatsApp-Image-2023-07-03-at-15.34.33-1-1024x678.jpeg\" alt=\"\" class=\"wp-image-16694\" srcset=\"https:\/\/acrj.org.br\/wp-content\/uploads\/2023\/06\/WhatsApp-Image-2023-07-03-at-15.34.33-1-1024x678.jpeg 1024w, https:\/\/acrj.org.br\/wp-content\/uploads\/2023\/06\/WhatsApp-Image-2023-07-03-at-15.34.33-1-600x398.jpeg 600w, https:\/\/acrj.org.br\/wp-content\/uploads\/2023\/06\/WhatsApp-Image-2023-07-03-at-15.34.33-1-300x199.jpeg 300w, https:\/\/acrj.org.br\/wp-content\/uploads\/2023\/06\/WhatsApp-Image-2023-07-03-at-15.34.33-1-768x509.jpeg 768w, https:\/\/acrj.org.br\/wp-content\/uploads\/2023\/06\/WhatsApp-Image-2023-07-03-at-15.34.33-1-1536x1018.jpeg 1536w, https:\/\/acrj.org.br\/wp-content\/uploads\/2023\/06\/WhatsApp-Image-2023-07-03-at-15.34.33-1.jpeg 1600w\" sizes=\"(max-width: 1024px) 100vw, 1024px\" \/><figcaption class=\"wp-element-caption\">Os vices Eduardo Rebuzzi e Humberto Mota Filho com o presidente<\/figcaption><\/figure>\n\n\n\n<figure class=\"wp-block-image size-large\"><img loading=\"lazy\" decoding=\"async\" width=\"1024\" height=\"678\" data-id=\"16648\" src=\"https:\/\/acrj.org.br\/wp-content\/uploads\/2023\/06\/publico-1024x678.jpeg\" alt=\"\" class=\"wp-image-16648\" srcset=\"https:\/\/acrj.org.br\/wp-content\/uploads\/2023\/06\/publico-1024x678.jpeg 1024w, https:\/\/acrj.org.br\/wp-content\/uploads\/2023\/06\/publico-600x398.jpeg 600w, https:\/\/acrj.org.br\/wp-content\/uploads\/2023\/06\/publico-300x199.jpeg 300w, https:\/\/acrj.org.br\/wp-content\/uploads\/2023\/06\/publico-768x509.jpeg 768w, https:\/\/acrj.org.br\/wp-content\/uploads\/2023\/06\/publico-1536x1018.jpeg 1536w, https:\/\/acrj.org.br\/wp-content\/uploads\/2023\/06\/publico.jpeg 1600w\" sizes=\"(max-width: 1024px) 100vw, 1024px\" \/><figcaption class=\"wp-element-caption\">Cerim\u00f4nia concorrida que reuniu cerca de 500 convidados <\/figcaption><\/figure>\n\n\n\n<figure class=\"wp-block-image size-large\"><img loading=\"lazy\" decoding=\"async\" width=\"1024\" height=\"678\" data-id=\"16690\" src=\"https:\/\/acrj.org.br\/wp-content\/uploads\/2023\/06\/WhatsApp-Image-2023-07-03-at-15.31.41-2-1024x678.jpeg\" alt=\"\" class=\"wp-image-16690\" srcset=\"https:\/\/acrj.org.br\/wp-content\/uploads\/2023\/06\/WhatsApp-Image-2023-07-03-at-15.31.41-2-1024x678.jpeg 1024w, https:\/\/acrj.org.br\/wp-content\/uploads\/2023\/06\/WhatsApp-Image-2023-07-03-at-15.31.41-2-600x398.jpeg 600w, https:\/\/acrj.org.br\/wp-content\/uploads\/2023\/06\/WhatsApp-Image-2023-07-03-at-15.31.41-2-300x199.jpeg 300w, https:\/\/acrj.org.br\/wp-content\/uploads\/2023\/06\/WhatsApp-Image-2023-07-03-at-15.31.41-2-768x509.jpeg 768w, https:\/\/acrj.org.br\/wp-content\/uploads\/2023\/06\/WhatsApp-Image-2023-07-03-at-15.31.41-2-1536x1018.jpeg 1536w, https:\/\/acrj.org.br\/wp-content\/uploads\/2023\/06\/WhatsApp-Image-2023-07-03-at-15.31.41-2.jpeg 1600w\" sizes=\"(max-width: 1024px) 100vw, 1024px\" \/><\/figure>\n<\/figure>\n\n\n\n<p>Fotos: Raul Moreira<\/p>\n","protected":false},"excerpt":{"rendered":"<p>A posse do presidente Josier Vilar na Associa\u00e7\u00e3o Comercial do Rio de Janeiro, uma das mais concorridas dos \u00faltimos anos, reuniu cerca de quinhentos convidados&hellip;<\/p>\n","protected":false},"author":3,"featured_media":16640,"comment_status":"closed","ping_status":"closed","sticky":false,"template":"","format":"standard","meta":{"_exactmetrics_skip_tracking":false,"_exactmetrics_sitenote_active":false,"_exactmetrics_sitenote_note":"","_exactmetrics_sitenote_category":0,"footnotes":""},"categories":[6],"tags":[],"class_list":["post-16585","post","type-post","status-publish","format-standard","has-post-thumbnail","hentry","category-destaque_noticias"],"_links":{"self":[{"href":"https:\/\/acrj.org.br\/index.php\/wp-json\/wp\/v2\/posts\/16585","targetHints":{"allow":["GET"]}}],"collection":[{"href":"https:\/\/acrj.org.br\/index.php\/wp-json\/wp\/v2\/posts"}],"about":[{"href":"https:\/\/acrj.org.br\/index.php\/wp-json\/wp\/v2\/types\/post"}],"author":[{"embeddable":true,"href":"https:\/\/acrj.org.br\/index.php\/wp-json\/wp\/v2\/users\/3"}],"replies":[{"embeddable":true,"href":"https:\/\/acrj.org.br\/index.php\/wp-json\/wp\/v2\/comments?post=16585"}],"version-history":[{"count":0,"href":"https:\/\/acrj.org.br\/index.php\/wp-json\/wp\/v2\/posts\/16585\/revisions"}],"wp:featuredmedia":[{"embeddable":true,"href":"https:\/\/acrj.org.br\/index.php\/wp-json\/wp\/v2\/media\/16640"}],"wp:attachment":[{"href":"https:\/\/acrj.org.br\/index.php\/wp-json\/wp\/v2\/media?parent=16585"}],"wp:term":[{"taxonomy":"category","embeddable":true,"href":"https:\/\/acrj.org.br\/index.php\/wp-json\/wp\/v2\/categories?post=16585"},{"taxonomy":"post_tag","embeddable":true,"href":"https:\/\/acrj.org.br\/index.php\/wp-json\/wp\/v2\/tags?post=16585"}],"curies":[{"name":"wp","href":"https:\/\/api.w.org\/{rel}","templated":true}]}}