{"id":16424,"date":"2023-06-22T17:01:34","date_gmt":"2023-06-22T20:01:34","guid":{"rendered":"https:\/\/acrj.org.br\/?p=16424"},"modified":"2023-06-22T18:38:23","modified_gmt":"2023-06-22T21:38:23","slug":"acrj-parabeniza-primeiro-autor-brasileiro-agraciado-com-o-premio-frances-celeste-albaret-2023","status":"publish","type":"post","link":"https:\/\/acrj.org.br\/index.php\/2023\/06\/22\/acrj-parabeniza-primeiro-autor-brasileiro-agraciado-com-o-premio-frances-celeste-albaret-2023\/","title":{"rendered":"ACRJ parabeniza primeiro autor brasileiro agraciado com o pr\u00eamio franc\u00eas Celeste Albaret 2023"},"content":{"rendered":"\n<p>A ACRJ parabeniza o editor, escritor, historiador, colecionador e curador carioca, Pedro Corr\u00eaa do Lago, que teve seu livro \u201cMarcel Proust \u2013 Une vie de letteres et d\u2019images\u201d agraciado com o pr\u00eamio Celeste Albaret 2023. A premia\u00e7\u00e3o foi criada em 2015 para reconhecer publica\u00e7\u00f5es sobre o escritor franc\u00eas Marcel Proust. Pedro Corr\u00eaa do Lago \u00e9 o primeiro n\u00e3o franc\u00eas a receber este pr\u00eamio. No livro, o autor apresenta sua pr\u00f3pria cole\u00e7\u00e3o pessoal sobre Proust, incluindo 450 itens, entre cartas e fotografias, alguns deles exibidos em Paris h\u00e1 dois anos.<\/p>\n\n\n\n<p>A trajet\u00f3ria de Corr\u00eaa do Lago \u00e9 dedicada \u00e0 hist\u00f3ria da arte e \u00e0s cole\u00e7\u00f5es. Ele \u00e9 autor de 22 livros sobre a arte e a cultura brasileiras e possui a maior cole\u00e7\u00e3o privada de manuscritos do mundo. Pedro Corr\u00eaa pesquisou muitos acervos \u00e0 procura de quadros, livros, documentos e fotografias e divulgou milhares de pe\u00e7as relativas ao Brasil, at\u00e9 ent\u00e3o esquecidas em cole\u00e7\u00f5es privadas no pa\u00eds ou no exterior.<\/p>\n\n\n\n<p>Em 2002 fundou, junto com a esposa Bia Corr\u00eaa do Lago, a editora Capivara, especializada em arte brasileira. O autor tamb\u00e9m foi presidente da Funda\u00e7\u00e3o Biblioteca Nacional, quando fundou a Revista de Hist\u00f3ria da Biblioteca Nacional, livreiro antiqu\u00e1rio em S\u00e3o Paulo, representante da casa de leil\u00f5es Sotheby\u2019s e desde 1992 \u00e9 membro do conselho da Bienal de S\u00e3o Paulo. Em 2009, Corr\u00eaa do Lago e sua esposa ganharam o Pr\u00eamio Jabuti pelo livro \u201cCole\u00e7\u00e3o Princesa Isabel \u2013 Fotografia do S\u00e9culo XIX\u201d.<\/p>\n","protected":false},"excerpt":{"rendered":"<p>A ACRJ parabeniza o editor, escritor, historiador, colecionador e curador carioca, Pedro Corr\u00eaa do Lago, que teve seu livro \u201cMarcel Proust \u2013 Une vie de&hellip;<\/p>\n","protected":false},"author":3,"featured_media":16427,"comment_status":"closed","ping_status":"open","sticky":false,"template":"","format":"standard","meta":{"_exactmetrics_skip_tracking":false,"_exactmetrics_sitenote_active":false,"_exactmetrics_sitenote_note":"","_exactmetrics_sitenote_category":0,"footnotes":""},"categories":[10],"tags":[],"class_list":["post-16424","post","type-post","status-publish","format-standard","has-post-thumbnail","hentry","category-noticias"],"_links":{"self":[{"href":"https:\/\/acrj.org.br\/index.php\/wp-json\/wp\/v2\/posts\/16424","targetHints":{"allow":["GET"]}}],"collection":[{"href":"https:\/\/acrj.org.br\/index.php\/wp-json\/wp\/v2\/posts"}],"about":[{"href":"https:\/\/acrj.org.br\/index.php\/wp-json\/wp\/v2\/types\/post"}],"author":[{"embeddable":true,"href":"https:\/\/acrj.org.br\/index.php\/wp-json\/wp\/v2\/users\/3"}],"replies":[{"embeddable":true,"href":"https:\/\/acrj.org.br\/index.php\/wp-json\/wp\/v2\/comments?post=16424"}],"version-history":[{"count":0,"href":"https:\/\/acrj.org.br\/index.php\/wp-json\/wp\/v2\/posts\/16424\/revisions"}],"wp:featuredmedia":[{"embeddable":true,"href":"https:\/\/acrj.org.br\/index.php\/wp-json\/wp\/v2\/media\/16427"}],"wp:attachment":[{"href":"https:\/\/acrj.org.br\/index.php\/wp-json\/wp\/v2\/media?parent=16424"}],"wp:term":[{"taxonomy":"category","embeddable":true,"href":"https:\/\/acrj.org.br\/index.php\/wp-json\/wp\/v2\/categories?post=16424"},{"taxonomy":"post_tag","embeddable":true,"href":"https:\/\/acrj.org.br\/index.php\/wp-json\/wp\/v2\/tags?post=16424"}],"curies":[{"name":"wp","href":"https:\/\/api.w.org\/{rel}","templated":true}]}}