{"id":16318,"date":"2023-06-14T14:25:07","date_gmt":"2023-06-14T17:25:07","guid":{"rendered":"https:\/\/acrj.org.br\/?p=16318"},"modified":"2023-07-12T11:46:03","modified_gmt":"2023-07-12T14:46:03","slug":"acrj-apoia-expo-compliance-2023-e-congresso-integra","status":"publish","type":"post","link":"https:\/\/acrj.org.br\/index.php\/2023\/06\/14\/acrj-apoia-expo-compliance-2023-e-congresso-integra\/","title":{"rendered":"ACRJ apoia Expo Compliance 2023 e Congresso Integra"},"content":{"rendered":"\n<p>A <strong>Associa\u00e7\u00e3o Comercial do Rio de Janeiro<\/strong> est\u00e1 apoiando a realiza\u00e7\u00e3o da Expo Compliance 2023 e da 8\u00aa edi\u00e7\u00e3o do Congresso Integra \u2013 Compliance Across Americas, eventos que ocorrer\u00e3o de 02 a 04 de agosto de 2023, no Amcham Business Center, em S\u00e3o Paulo. O Congresso contar\u00e1 com a participa\u00e7\u00e3o como palestrante do presidente do Conselho Empresarial de Governan\u00e7a, Compliance e Diversidade da <strong>ACRJ<\/strong>, Humberto Mota Filho.<\/p>\n\n\n\n<p>Associados da ACRJ ter\u00e3o desconto de 40% no ingresso, sobre o valor do lote vigente no ato da aquisi\u00e7\u00e3o. Para inofrma\u00e7\u00f5es sobre como obter o benef\u00edcio, entrar em contato pelo email: sumaya@acrj.org.br <strong><a href=\"https:\/\/eseni.lojaintegrada.com.br\/eventos\">.<\/a><\/strong><\/p>\n\n\n\n<p>O evento \u00e9 direcionado aos profissionais de Compliance, Auditoria, Governan\u00e7a, Investiga\u00e7\u00f5es, Preven\u00e7\u00e3o \u00e0 Lavagem de Dinheiro, Prote\u00e7\u00e3o de Dados e ESG. Tamb\u00e9m \u00e9 de interesse para&nbsp;gestores (as) de empresas e organiza\u00e7\u00f5es p\u00fablicas e privadas que buscam atualizar seus conhecimentos sobre os assuntos, estabelecer parcerias e neg\u00f3cios, trocar e compartilhar experi\u00eancias com profissionais renomados da \u00e1rea.<\/p>\n\n\n\n<p>Al\u00e9m da programa\u00e7\u00e3o tem\u00e1tica dos pain\u00e9is, palestras e workshops, os congressistas e visitantes participar\u00e3o da Expo Compliance 2023, a maior exposi\u00e7\u00e3o de servi\u00e7os do segmento de integridade corporativa. A feira \u00e9 refer\u00eancia e vitrine para empresas de tecnologia, organiza\u00e7\u00f5es, editoras, consultorias e escrit\u00f3rios especializados, que apresentam suas solu\u00e7\u00f5es para os desafios do mercado de Compliance, abrangendo tamb\u00e9m as \u00e1reas de Governan\u00e7a Corporativa, Sustentabilidade, Gest\u00e3o de Riscos, Auditoria, Ouvidoria e Prote\u00e7\u00e3o de Dados.<\/p>\n\n\n\n<p>Para informa\u00e7\u00f5es, acesse <strong><a href=\"https:\/\/www.ccompliance.com.br\/expocompliance\/\">aqui<\/a><\/strong> o site do evento<\/p>\n","protected":false},"excerpt":{"rendered":"<p>A Associa\u00e7\u00e3o Comercial do Rio de Janeiro est\u00e1 apoiando a realiza\u00e7\u00e3o da Expo Compliance 2023 e da 8\u00aa edi\u00e7\u00e3o do Congresso Integra \u2013 Compliance Across&hellip;<\/p>\n","protected":false},"author":3,"featured_media":16319,"comment_status":"closed","ping_status":"closed","sticky":false,"template":"","format":"standard","meta":{"_exactmetrics_skip_tracking":false,"_exactmetrics_sitenote_active":false,"_exactmetrics_sitenote_note":"","_exactmetrics_sitenote_category":0,"footnotes":""},"categories":[10],"tags":[],"class_list":["post-16318","post","type-post","status-publish","format-standard","has-post-thumbnail","hentry","category-noticias"],"_links":{"self":[{"href":"https:\/\/acrj.org.br\/index.php\/wp-json\/wp\/v2\/posts\/16318","targetHints":{"allow":["GET"]}}],"collection":[{"href":"https:\/\/acrj.org.br\/index.php\/wp-json\/wp\/v2\/posts"}],"about":[{"href":"https:\/\/acrj.org.br\/index.php\/wp-json\/wp\/v2\/types\/post"}],"author":[{"embeddable":true,"href":"https:\/\/acrj.org.br\/index.php\/wp-json\/wp\/v2\/users\/3"}],"replies":[{"embeddable":true,"href":"https:\/\/acrj.org.br\/index.php\/wp-json\/wp\/v2\/comments?post=16318"}],"version-history":[{"count":0,"href":"https:\/\/acrj.org.br\/index.php\/wp-json\/wp\/v2\/posts\/16318\/revisions"}],"wp:featuredmedia":[{"embeddable":true,"href":"https:\/\/acrj.org.br\/index.php\/wp-json\/wp\/v2\/media\/16319"}],"wp:attachment":[{"href":"https:\/\/acrj.org.br\/index.php\/wp-json\/wp\/v2\/media?parent=16318"}],"wp:term":[{"taxonomy":"category","embeddable":true,"href":"https:\/\/acrj.org.br\/index.php\/wp-json\/wp\/v2\/categories?post=16318"},{"taxonomy":"post_tag","embeddable":true,"href":"https:\/\/acrj.org.br\/index.php\/wp-json\/wp\/v2\/tags?post=16318"}],"curies":[{"name":"wp","href":"https:\/\/api.w.org\/{rel}","templated":true}]}}