{"id":1630,"date":"2019-12-13T14:49:00","date_gmt":"2019-12-13T17:49:00","guid":{"rendered":"http:\/\/acrj2020.profissional.ws\/?p=1630"},"modified":"2020-02-27T14:51:25","modified_gmt":"2020-02-27T17:51:25","slug":"economista-larry-brainard-aponta-china-e-fed-como-os-protagonistas-da-economia-em-2020","status":"publish","type":"post","link":"https:\/\/acrj.org.br\/index.php\/2019\/12\/13\/economista-larry-brainard-aponta-china-e-fed-como-os-protagonistas-da-economia-em-2020\/","title":{"rendered":"Economista Larry Brainard aponta China e Fed como os protagonistas da economia em 2020"},"content":{"rendered":"\n<p>A previs\u00e3o \u00e9 que o crescimento dos Estados Unidos se estabilize em torno de 2% em 2020, com acelera\u00e7\u00e3o modesta a partir do segundo semestre.&nbsp;A guerra comercial dos EUA e China \u00e9 um curinga nas perspectivas de crescimento dos norte-americanos, com altos e baixos nas negocia\u00e7\u00f5es, o que pode gerar oscila\u00e7\u00f5es acentuadas nos estoques.<\/p>\n\n\n\n<p>As afirma\u00e7\u00f5es s\u00e3o do economista americano Larry Brainard durante palestra para o Conselho Empresarial de Pol\u00edticas Econ\u00f4micas da ACRJ. \u201cA China e o Fed s\u00e3o os principais impulsionadores da economia global em 2020. O Fed encerrou seu ciclo de flexibiliza\u00e7\u00e3o, mas se comprometeu a injetar liquidez nos mercados por meio de compras de t\u00edtulos at\u00e9 o segundo trimestre do pr\u00f3ximo ano\u201d, ressaltou.<\/p>\n\n\n\n<p>A China, na opini\u00e3o do economista, dever\u00e1 carregar outra rodada de est\u00edmulo fiscal no in\u00edcio de 2020. A estrat\u00e9gia da China na guerra comercial \u00e9 ganhar tempo, enquanto os formuladores de pol\u00edticas reestruturam a economia para aumentar a autoconfian\u00e7a e esperar para ver quem estar\u00e1 na Casa Branca em janeiro de 2021. \u201cOs maiores riscos para o pa\u00eds s\u00e3o a defla\u00e7\u00e3o sustentada do PPI (\u00edndice de pre\u00e7o ao produtor) e fragilidade financeira, especialmente entre bancos menores\u201d, avaliou.&nbsp;<\/p>\n\n\n\n<p>Brainard comentou que a desacelera\u00e7\u00e3o das economias desenvolvidas j\u00e1 tenha chegado ao fundo do po\u00e7o e que modesta recupera\u00e7\u00e3o global seja prov\u00e1vel em 2020, impulsionada pelo aumento da liquidez&nbsp;provida pelos bancos centrais. O economista considera que, a n\u00e3o ser&nbsp;que improv\u00e1veis choques imprevistos na guerra fria comercial venham a ocorrer, uma recess\u00e3o no curto prazo seja improv\u00e1vel. Por outro lado, prev\u00ea fraca recupera\u00e7\u00e3o na \u00e1rea do Euro e no Jap\u00e3o.<\/p>\n\n\n\n<p>Sobre&nbsp;Trump, Brainard&nbsp;acredita que, caso os democratas escolham um candidato centrista, sua reelei\u00e7\u00e3o possa estar em risco. De acordo com ele, os l\u00edderes democratas tradicionais, que no caso de empate nas prim\u00e1rias, teriam voto decisivo, n\u00e3o pensam que candidaturas &#8220;progressistas&#8221;, como as de Elizabeth Warren e Bernie Sanders, possam vencer o presidente Trump. E com um democrata centrista na Casa Branca e os republicanos continuando no controle do Senado, os mercados financeiros provavelmente considerar\u00e3o como positivo tal resultado.<\/p>\n\n\n\n<p>\u201cFoi um momento muito importante porque nos deu uma vis\u00e3o do cen\u00e1rio mundial. N\u00f3s n\u00e3o estamos s\u00f3 com muitas mudan\u00e7as, estamos testemunhando a transi\u00e7\u00e3o entre dois ciclos. Mundialmente, o ciclo da Pax Americana terminou e um novo est\u00e1 come\u00e7ando, mas sem termos a ideia da dire\u00e7\u00e3o. No Brasil, o ciclo que come\u00e7ou na Nova Rep\u00fablica tamb\u00e9m se exauriu e agora estamos come\u00e7ando a navegar por mares nunca antes navegados\u201d, analisou o presidente do Conselho Empresarial de Pol\u00edticas Econ\u00f4micas, embaixador Marc\u00edlio Marques Moreira.<\/p>\n","protected":false},"excerpt":{"rendered":"<p>A previs\u00e3o \u00e9 que o crescimento dos Estados Unidos se estabilize em torno de 2% em 2020, com acelera\u00e7\u00e3o modesta a partir do segundo semestre.&nbsp;A&hellip;<\/p>\n","protected":false},"author":1,"featured_media":1629,"comment_status":"closed","ping_status":"closed","sticky":false,"template":"","format":"standard","meta":{"_exactmetrics_skip_tracking":false,"_exactmetrics_sitenote_active":false,"_exactmetrics_sitenote_note":"","_exactmetrics_sitenote_category":0,"footnotes":""},"categories":[10],"tags":[],"class_list":["post-1630","post","type-post","status-publish","format-standard","has-post-thumbnail","hentry","category-noticias"],"_links":{"self":[{"href":"https:\/\/acrj.org.br\/index.php\/wp-json\/wp\/v2\/posts\/1630","targetHints":{"allow":["GET"]}}],"collection":[{"href":"https:\/\/acrj.org.br\/index.php\/wp-json\/wp\/v2\/posts"}],"about":[{"href":"https:\/\/acrj.org.br\/index.php\/wp-json\/wp\/v2\/types\/post"}],"author":[{"embeddable":true,"href":"https:\/\/acrj.org.br\/index.php\/wp-json\/wp\/v2\/users\/1"}],"replies":[{"embeddable":true,"href":"https:\/\/acrj.org.br\/index.php\/wp-json\/wp\/v2\/comments?post=1630"}],"version-history":[{"count":0,"href":"https:\/\/acrj.org.br\/index.php\/wp-json\/wp\/v2\/posts\/1630\/revisions"}],"wp:featuredmedia":[{"embeddable":true,"href":"https:\/\/acrj.org.br\/index.php\/wp-json\/wp\/v2\/media\/1629"}],"wp:attachment":[{"href":"https:\/\/acrj.org.br\/index.php\/wp-json\/wp\/v2\/media?parent=1630"}],"wp:term":[{"taxonomy":"category","embeddable":true,"href":"https:\/\/acrj.org.br\/index.php\/wp-json\/wp\/v2\/categories?post=1630"},{"taxonomy":"post_tag","embeddable":true,"href":"https:\/\/acrj.org.br\/index.php\/wp-json\/wp\/v2\/tags?post=1630"}],"curies":[{"name":"wp","href":"https:\/\/api.w.org\/{rel}","templated":true}]}}