{"id":16247,"date":"2023-05-25T11:41:25","date_gmt":"2023-05-25T14:41:25","guid":{"rendered":"https:\/\/acrj.org.br\/?p=16247"},"modified":"2023-06-05T14:19:36","modified_gmt":"2023-06-05T17:19:36","slug":"secretario-chicao-bulhoes-fala-sobre-perspectivas-para-o-desenvolvimento-economico-da-cidade-do-rio","status":"publish","type":"post","link":"https:\/\/acrj.org.br\/index.php\/2023\/05\/25\/secretario-chicao-bulhoes-fala-sobre-perspectivas-para-o-desenvolvimento-economico-da-cidade-do-rio\/","title":{"rendered":"Secret\u00e1rio Chic\u00e3o Bulh\u00f5es fala sobre perspectivas para o desenvolvimento econ\u00f4mico da cidade do Rio"},"content":{"rendered":"\n<p>O secret\u00e1rio municipal de Desenvolvimento Econ\u00f4mico, Inova\u00e7\u00e3o e Simplifica\u00e7\u00e3o, Chic\u00e3o Bulh\u00f5es, foi o convidado da reuni\u00e3o do Conselho Diretor da ACRJ, 24\/5. Ele falou sobre as perspectivas e metas para o desenvolvimento econ\u00f4mico da cidade do Rio e apresentou dados importantes. Entre eles, a queda no desemprego nestes primeiros meses do ano, em rela\u00e7\u00e3o a 2022. De acordo com ele, 100 mil cariocas deixaram a condi\u00e7\u00e3o de desempregados na cidade at\u00e9 o m\u00eas de maio.<\/p>\n\n\n\n<p>O presidente do Conselho Superior, Ruy Barreto Filho, representando o presidente da ACRJ, Daniel Homem de Carvalho, deu as boas-vindas ao secret\u00e1rio e aos conselheiros e agradeceu a presen\u00e7a do presidente eleito da Associa\u00e7\u00e3o Comercial do Rio de Janeiro, Josier Vilar.<\/p>\n\n\n\n<p>O secret\u00e1rio ainda apresentou as metas do Plano Estrat\u00e9gico, que inclui, entre outras, a desburocratiza\u00e7\u00e3o e a melhoria do ambiente de neg\u00f3cios e a atra\u00e7\u00e3o e o fomento de 400 novas startups na cidade do Rio at\u00e9 2024. No acordo de Resultados para 2023, ele adiantou algumas a\u00e7\u00f5es a serem implementadas, como o Sistema Alvar\u00e1 J\u00e1, que entra em vigor em julho, a capacita\u00e7\u00e3o de cerca de dois mil programadores cariocas e o in\u00edcio da opera\u00e7\u00e3o do Centro de Energia e Finan\u00e7as do Amanh\u00e3 e do Porto Maravalley.<\/p>\n\n\n\n<p>Josier Vilar aproveitou a oportunidade para anunciar algumas de suas propostas para o mandato, como a cria\u00e7\u00e3o da Escola do Empreendedorismo. Ele ressaltou que ser\u00e1 importante a parceria do secret\u00e1rio Chic\u00e3o Bulh\u00f5es nesta empreitada.&nbsp; \u201cPrecisamos interromper o \u00eaxodo de talentos que acontece na nossa cidade e transformar conhecimento em neg\u00f3cios\u201d, disse o secret\u00e1rio.<\/p>\n\n\n\n<p>O novo presidente tamb\u00e9m informou que ter\u00e1 uma reuni\u00e3o de trabalho nesta 6\u00aa feira com o prefeito Eduardo Paes, quando ir\u00e1 apresentar algumas demandas, uma delas sugerindo que o Conselho da Cidade funcione no pr\u00e9dio hist\u00f3rico da ACRJ e tenha uma interface com os Conselhos Empresariais da Casa de Mau\u00e1. \u201cTamb\u00e9m queremos transformar este pr\u00e9dio, que \u00e9 a casa do empreendedor e do empres\u00e1rio, em um hub de inova\u00e7\u00e3o e transforma\u00e7\u00e3o digital. Al\u00e9m disso, pretendemos criar aqui na nossa Sede a loja do empreendedor. Queremos muito contar com a parceria da Prefeitura e de sua Secretaria\u201d, destacou. <\/p>\n\n\n\n<p>A reuni\u00e3o na \u00edntegra est\u00e1 dispon\u00edvel do Canal ACRJ Divulga no YouTube. <strong><a href=\"https:\/\/youtu.be\/VzuaUjfZcEo\">Acesse aqui<\/a><\/strong><\/p>\n\n\n\n<figure class=\"wp-block-gallery has-nested-images columns-default is-cropped wp-block-gallery-1 is-layout-flex wp-block-gallery-is-layout-flex\">\n<figure class=\"wp-block-image size-large\"><img fetchpriority=\"high\" decoding=\"async\" width=\"1024\" height=\"461\" data-id=\"16251\" src=\"https:\/\/acrj.org.br\/wp-content\/uploads\/2023\/05\/grupo-1024x461.jpg\" alt=\"\" class=\"wp-image-16251\" srcset=\"https:\/\/acrj.org.br\/wp-content\/uploads\/2023\/05\/grupo-1024x461.jpg 1024w, https:\/\/acrj.org.br\/wp-content\/uploads\/2023\/05\/grupo-scaled-600x270.jpg 600w, https:\/\/acrj.org.br\/wp-content\/uploads\/2023\/05\/grupo-300x135.jpg 300w, https:\/\/acrj.org.br\/wp-content\/uploads\/2023\/05\/grupo-768x346.jpg 768w, https:\/\/acrj.org.br\/wp-content\/uploads\/2023\/05\/grupo-1536x691.jpg 1536w, https:\/\/acrj.org.br\/wp-content\/uploads\/2023\/05\/grupo-2048x922.jpg 2048w\" sizes=\"(max-width: 1024px) 100vw, 1024px\" \/><figcaption class=\"wp-element-caption\">Eduardo Rebuzzi, Josier Vilar, Chic\u00e3o Bulh\u00f5es, Ruy Barreto Filho e Aureo Salles<\/figcaption><\/figure>\n\n\n\n<figure class=\"wp-block-image size-large\"><img decoding=\"async\" width=\"1024\" height=\"461\" data-id=\"16252\" src=\"https:\/\/acrj.org.br\/wp-content\/uploads\/2023\/05\/livro-1024x461.jpg\" alt=\"\" class=\"wp-image-16252\" srcset=\"https:\/\/acrj.org.br\/wp-content\/uploads\/2023\/05\/livro-1024x461.jpg 1024w, https:\/\/acrj.org.br\/wp-content\/uploads\/2023\/05\/livro-scaled-600x270.jpg 600w, https:\/\/acrj.org.br\/wp-content\/uploads\/2023\/05\/livro-300x135.jpg 300w, https:\/\/acrj.org.br\/wp-content\/uploads\/2023\/05\/livro-768x346.jpg 768w, https:\/\/acrj.org.br\/wp-content\/uploads\/2023\/05\/livro-1536x691.jpg 1536w, https:\/\/acrj.org.br\/wp-content\/uploads\/2023\/05\/livro-2048x922.jpg 2048w\" sizes=\"(max-width: 1024px) 100vw, 1024px\" \/><figcaption class=\"wp-element-caption\">Secret\u00e1rio Chic\u00e3o Bulh\u00f5es recebeu o livro com a hist\u00f3ria da ACRJ<\/figcaption><\/figure>\n\n\n\n<figure class=\"wp-block-image size-large\"><img decoding=\"async\" width=\"1024\" height=\"461\" data-id=\"16253\" src=\"https:\/\/acrj.org.br\/wp-content\/uploads\/2023\/05\/mesa-1024x461.jpg\" alt=\"\" class=\"wp-image-16253\" srcset=\"https:\/\/acrj.org.br\/wp-content\/uploads\/2023\/05\/mesa-1024x461.jpg 1024w, https:\/\/acrj.org.br\/wp-content\/uploads\/2023\/05\/mesa-scaled-600x270.jpg 600w, https:\/\/acrj.org.br\/wp-content\/uploads\/2023\/05\/mesa-300x135.jpg 300w, https:\/\/acrj.org.br\/wp-content\/uploads\/2023\/05\/mesa-768x346.jpg 768w, https:\/\/acrj.org.br\/wp-content\/uploads\/2023\/05\/mesa-1536x691.jpg 1536w, https:\/\/acrj.org.br\/wp-content\/uploads\/2023\/05\/mesa-2048x922.jpg 2048w\" sizes=\"(max-width: 1024px) 100vw, 1024px\" \/><figcaption class=\"wp-element-caption\">O secret\u00e1rio apresentou as perspectivas para o desenvolvimento econ\u00f4mico da cidade<\/figcaption><\/figure>\n<\/figure>\n","protected":false},"excerpt":{"rendered":"<p>O secret\u00e1rio municipal de Desenvolvimento Econ\u00f4mico, Inova\u00e7\u00e3o e Simplifica\u00e7\u00e3o, Chic\u00e3o Bulh\u00f5es, foi o convidado da reuni\u00e3o do Conselho Diretor da ACRJ, 24\/5. Ele falou sobre&hellip;<\/p>\n","protected":false},"author":3,"featured_media":16249,"comment_status":"closed","ping_status":"closed","sticky":false,"template":"","format":"standard","meta":{"_exactmetrics_skip_tracking":false,"_exactmetrics_sitenote_active":false,"_exactmetrics_sitenote_note":"","_exactmetrics_sitenote_category":0,"footnotes":""},"categories":[10],"tags":[],"class_list":["post-16247","post","type-post","status-publish","format-standard","has-post-thumbnail","hentry","category-noticias"],"_links":{"self":[{"href":"https:\/\/acrj.org.br\/index.php\/wp-json\/wp\/v2\/posts\/16247","targetHints":{"allow":["GET"]}}],"collection":[{"href":"https:\/\/acrj.org.br\/index.php\/wp-json\/wp\/v2\/posts"}],"about":[{"href":"https:\/\/acrj.org.br\/index.php\/wp-json\/wp\/v2\/types\/post"}],"author":[{"embeddable":true,"href":"https:\/\/acrj.org.br\/index.php\/wp-json\/wp\/v2\/users\/3"}],"replies":[{"embeddable":true,"href":"https:\/\/acrj.org.br\/index.php\/wp-json\/wp\/v2\/comments?post=16247"}],"version-history":[{"count":0,"href":"https:\/\/acrj.org.br\/index.php\/wp-json\/wp\/v2\/posts\/16247\/revisions"}],"wp:featuredmedia":[{"embeddable":true,"href":"https:\/\/acrj.org.br\/index.php\/wp-json\/wp\/v2\/media\/16249"}],"wp:attachment":[{"href":"https:\/\/acrj.org.br\/index.php\/wp-json\/wp\/v2\/media?parent=16247"}],"wp:term":[{"taxonomy":"category","embeddable":true,"href":"https:\/\/acrj.org.br\/index.php\/wp-json\/wp\/v2\/categories?post=16247"},{"taxonomy":"post_tag","embeddable":true,"href":"https:\/\/acrj.org.br\/index.php\/wp-json\/wp\/v2\/tags?post=16247"}],"curies":[{"name":"wp","href":"https:\/\/api.w.org\/{rel}","templated":true}]}}