{"id":15909,"date":"2023-04-28T15:16:30","date_gmt":"2023-04-28T18:16:30","guid":{"rendered":"https:\/\/acrj.org.br\/?p=15909"},"modified":"2023-04-28T15:16:41","modified_gmt":"2023-04-28T18:16:41","slug":"inteligencia-artificial-e-usada-por-alunos-para-exercitar-a-criatividade-e-a-linguagem-2","status":"publish","type":"post","link":"https:\/\/acrj.org.br\/index.php\/2023\/04\/28\/inteligencia-artificial-e-usada-por-alunos-para-exercitar-a-criatividade-e-a-linguagem-2\/","title":{"rendered":"Intelig\u00eancia artificial \u00e9 usada por alunos para exercitar a criatividade e a linguagem"},"content":{"rendered":"\n<p>A CEO da Faz Game, Carla Zelter, falou sobre \u201cA Utiliza\u00e7\u00e3o de AI na Educa\u00e7\u00e3o com Jogos\u201d durante a reuni\u00e3o conjunta dos Conselhos Empresariais de Educa\u00e7\u00e3o e de Inova\u00e7\u00e3o, Comunica\u00e7\u00e3o e Tecnologia da ACRJ, dia 25\/4. Carla ficou em primeiro lugar no Pitch de Startups da Rio2C, encontro de criatividade realizado recentemente no Rio de Janeiro. A Faz Game \u00e9 uma plataforma de jogos que incentiva a leitura e a produ\u00e7\u00e3o textual dos alunos de forma motivadora.<\/p>\n\n\n\n<p>A CEO explicou o funcionamento da plataforma e apresentou alguns cases de sucesso. De acordo com ela, com apoio de mais de 20 trilhas de aprendizagem e intelig\u00eancia artificial, os alunos s\u00e3o incentivados a criarem seus pr\u00f3prios games narrativos. \u201cCom isso, eles exercitam a criatividade e a imagina\u00e7\u00e3o. Ao mesmo tempo que desenvolvem a escrita. O caminho do processo de introdu\u00e7\u00e3o da linguagem foi muito natural, depois que avaliamos e validamos a metodologia\u201d, explicou.<\/p>\n\n\n\n<p>A metodologia, segundo Carla, abrange as 10 compet\u00eancias gerais da Base Nacional Comum Curricular, permitindo que os alunos compartilhem suas cria\u00e7\u00f5es. Mais de 25 mil alunos de escolas p\u00fablicas e privadas j\u00e1 participaram das atividades propostas pela metodologia.<\/p>\n\n\n\n<p>Ao final da reuni\u00e3o, o presidente do Conselho, Paulo Milet, informou que o pr\u00f3ximo encontro, agendado para o dia 9 de maio, dever\u00e1 ser realizado na modalidade presencial, a partir da confirma\u00e7\u00e3o dos conselheiros. Um dos assuntos que ser\u00e1 novamente tema de debate, segundo a vice do Conselho Sylvia Meireles, \u00e9 o planejamento estrat\u00e9gico e a cria\u00e7\u00e3o de uma cartilha que possa ajudar na capta\u00e7\u00e3o de recursos para projetos educacionais e de inova\u00e7\u00e3o junto \u00e0s empresas<\/p>\n","protected":false},"excerpt":{"rendered":"<p>A CEO da Faz Game, Carla Zelter, falou sobre \u201cA Utiliza\u00e7\u00e3o de AI na Educa\u00e7\u00e3o com Jogos\u201d durante a reuni\u00e3o conjunta dos Conselhos Empresariais de&hellip;<\/p>\n","protected":false},"author":3,"featured_media":15914,"comment_status":"closed","ping_status":"open","sticky":false,"template":"","format":"standard","meta":{"_exactmetrics_skip_tracking":false,"_exactmetrics_sitenote_active":false,"_exactmetrics_sitenote_note":"","_exactmetrics_sitenote_category":0,"footnotes":""},"categories":[10],"tags":[],"class_list":["post-15909","post","type-post","status-publish","format-standard","has-post-thumbnail","hentry","category-noticias"],"_links":{"self":[{"href":"https:\/\/acrj.org.br\/index.php\/wp-json\/wp\/v2\/posts\/15909","targetHints":{"allow":["GET"]}}],"collection":[{"href":"https:\/\/acrj.org.br\/index.php\/wp-json\/wp\/v2\/posts"}],"about":[{"href":"https:\/\/acrj.org.br\/index.php\/wp-json\/wp\/v2\/types\/post"}],"author":[{"embeddable":true,"href":"https:\/\/acrj.org.br\/index.php\/wp-json\/wp\/v2\/users\/3"}],"replies":[{"embeddable":true,"href":"https:\/\/acrj.org.br\/index.php\/wp-json\/wp\/v2\/comments?post=15909"}],"version-history":[{"count":0,"href":"https:\/\/acrj.org.br\/index.php\/wp-json\/wp\/v2\/posts\/15909\/revisions"}],"wp:featuredmedia":[{"embeddable":true,"href":"https:\/\/acrj.org.br\/index.php\/wp-json\/wp\/v2\/media\/15914"}],"wp:attachment":[{"href":"https:\/\/acrj.org.br\/index.php\/wp-json\/wp\/v2\/media?parent=15909"}],"wp:term":[{"taxonomy":"category","embeddable":true,"href":"https:\/\/acrj.org.br\/index.php\/wp-json\/wp\/v2\/categories?post=15909"},{"taxonomy":"post_tag","embeddable":true,"href":"https:\/\/acrj.org.br\/index.php\/wp-json\/wp\/v2\/tags?post=15909"}],"curies":[{"name":"wp","href":"https:\/\/api.w.org\/{rel}","templated":true}]}}