{"id":15880,"date":"2023-04-28T14:33:42","date_gmt":"2023-04-28T17:33:42","guid":{"rendered":"https:\/\/acrj.org.br\/?p=15880"},"modified":"2023-04-28T21:41:52","modified_gmt":"2023-04-29T00:41:52","slug":"15880","status":"publish","type":"post","link":"https:\/\/acrj.org.br\/index.php\/2023\/04\/28\/15880\/","title":{"rendered":"ACRJ reinaugura est\u00e1tua do Visconde de Mau\u00e1 com show da Escola de Samba Portela"},"content":{"rendered":"\n<p>A est\u00e1tua de tr\u00eas metros de altura de Irineu Evangelista de Sousa, o <strong>Visconde de Mau\u00e1<\/strong>, considerado o maior empreendedor do Brasil, foi reinaugurada em grande estilo nesta 6\u00aa feira, dia 28 de abril. O evento realizado na Rua Candel\u00e1ria, 9, em frente ao edif\u00edcio-sede da Associa\u00e7\u00e3o Comercial do Rio de Janeiro, contou com uma apresenta\u00e7\u00e3o especial do Gr\u00eamio Recreativo <strong>Escola de Samba Portela<\/strong>, que este ano completa 100 anos. &nbsp;<\/p>\n\n\n\n<p>Participaram deste evento, o secret\u00e1rio da Casa Civil da Prefeitura do Rio, Eduardo Cavaliere, representando o prefeito Eduardo Paes, o presidente da ACRJ, Daniel Homem de Carvalho, o Grande Benem\u00e9rito da Associa\u00e7\u00e3o Comercial, Antenor Barros Leal, al\u00e9m de membros e diretores da institui\u00e7\u00e3o e convidados.<\/p>\n\n\n\n<p>O monumento \u00e9 uma homenagem ao patrono da bicenten\u00e1ria ACRJ. \u201cMau\u00e1 \u00e9 o nosso s\u00edmbolo e patrono e foi um dos maiores empres\u00e1rios que este pa\u00eds j\u00e1 viu. Muito nos orgulha participar deste ato simb\u00f3lico, revisitando nosso passado e olhando para o futuro. A reinaugura\u00e7\u00e3o deste monumento integra um projeto ambicioso, que engloba os Poderes P\u00fablicos, de recupera\u00e7\u00e3o do Centro do Rio. Essa \u00e9 nossa pequena contribui\u00e7\u00e3o para que esta regi\u00e3o do Rio retome seu protagonismo. Hoje aqui fizemos a jun\u00e7\u00e3o da tradi\u00e7\u00e3o de Mau\u00e1, com o samba carioca e a juventude. Este monumento j\u00e1 faz parte da paisagem carioca. Sejam todos muito bem-vindos \u00e0 Casa de Mau\u00e1\u201d, disse Daniel Homem de Carvalho ao abrir o evento.<\/p>\n\n\n\n<p>O secret\u00e1rio Cavaliere destacou que as cidades ter\u00e3o que decidir cada vez mais qual ser\u00e1 seu papel para que consigam resistir \u00e0s mudan\u00e7as. \u201cO Rio de Janeiro passa por um momento de mudan\u00e7a, que envolve os Poderes P\u00fablicos e as lideran\u00e7as da sociedade. E a revitaliza\u00e7\u00e3o urgente do Centro do Rio \u00e9 uma prioridade da Prefeitura. O projeto Reviver Centro \u00e9 o melhor exemplo. Queria refor\u00e7ar este compromisso do prefeito Eduardo Paes\u201d, afirmou.<\/p>\n\n\n\n<p>A escultura instalada em frente ao edif\u00edcio-sede da ACRJ em 2015 foi totalmente restaurada gra\u00e7as a uma parceria entre a ACRJ e o Sistema Fecom\u00e9rcio RJ, atrav\u00e9s do Senac RJ. Irineu Evangelista foi o terceiro presidente da Associa\u00e7\u00e3o Comercial e \u00e9 considerado pelos historiadores como um dos mais vision\u00e1rios empres\u00e1rios brasileiros. A cidade do Rio deve muito a ele seu desenvolvimento urbano e industrial.<\/p>\n\n\n\n<p>A est\u00e1tua de Mau\u00e1 recepciona os visitantes do ic\u00f4nico pr\u00e9dio da ACRJ, um edif\u00edcio de 15 andares que faz parte do conjunto arquitet\u00f4nico tombado Art D\u00e9co, decretado Patrim\u00f4nio Cultural da Cidade do Rio de Janeiro. A escultura que foi reinaugurada \u00e9 uma r\u00e9plica da original, instalada na Pra\u00e7a Mau\u00e1, local que tamb\u00e9m presta uma homenagem ao empres\u00e1rio.<\/p>\n\n\n\n<p>A obra original ficou em frente ao pr\u00e9dio da ACRJ entre os anos de 2013 e 2015 durante as obras de revitaliza\u00e7\u00e3o da \u00e1rea portu\u00e1ria. Com o retorno da est\u00e1tua para seu lugar de origem, o ent\u00e3o presidente da Associa\u00e7\u00e3o Comercial, Antenor Barros Leal, encomendou uma reprodu\u00e7\u00e3o fiel, instalada em 2015, e reinaugurada. \u201cRecuperar esta est\u00e1tua \u00e9 uma lembran\u00e7a maravilhosa para todos n\u00f3s. \u00c9 com muita satisfa\u00e7\u00e3o que vejo o Poder P\u00fablico assumir a responsabilidade de recuperar o Centro do Rio, uma \u00e1rea que \u00e9 o orgulho dos cariocas e dos brasileiros. Ruas e pr\u00e9dios do Centro contam a hist\u00f3ria do Brasil\u201d, ressaltou.<\/p>\n\n\n\n<p>&nbsp;\u201cMau\u00e1 foi um vision\u00e1rio, um homem \u00e0 frente do seu tempo. Foi um empreendedor nato em que, n\u00f3s empres\u00e1rios, podemos nos espelhar. Os feitos deste homem magn\u00edfico pelo desenvolvimento do nosso pa\u00eds servem de exemplo para diversas \u00e1reas. \u00c9 um orgulho para o Sistema Fecom\u00e9rcio RJ poder participar do restauro e da reinaugura\u00e7\u00e3o de t\u00e3o importante monumento para o com\u00e9rcio\u201d, afirmou o presidente do Sistema Fecom\u00e9rcio RJ, Antonio Florencio de Queiroz Junior.<\/p>\n\n\n\n<p><a href=\"https:\/\/acrj.org.br\/index.php\/comunicacao\/\"><strong>Saiba mais sobre a hist\u00f3ria<\/strong><\/a><\/p>\n\n\n\n<p>Fotos: Adriano Ishibashi<\/p>\n\n\n\n<figure class=\"wp-block-gallery has-nested-images columns-3 is-cropped wp-block-gallery-1 is-layout-flex wp-block-gallery-is-layout-flex\">\n<figure class=\"wp-block-image size-large\"><img fetchpriority=\"high\" decoding=\"async\" width=\"1024\" height=\"683\" data-id=\"15923\" src=\"https:\/\/acrj.org.br\/wp-content\/uploads\/2023\/04\/WhatsApp-Image-2023-04-28-at-15.50.46-1-1024x683.jpeg\" alt=\"\" class=\"wp-image-15923\" srcset=\"https:\/\/acrj.org.br\/wp-content\/uploads\/2023\/04\/WhatsApp-Image-2023-04-28-at-15.50.46-1-1024x683.jpeg 1024w, https:\/\/acrj.org.br\/wp-content\/uploads\/2023\/04\/WhatsApp-Image-2023-04-28-at-15.50.46-1-600x400.jpeg 600w, https:\/\/acrj.org.br\/wp-content\/uploads\/2023\/04\/WhatsApp-Image-2023-04-28-at-15.50.46-1-300x200.jpeg 300w, https:\/\/acrj.org.br\/wp-content\/uploads\/2023\/04\/WhatsApp-Image-2023-04-28-at-15.50.46-1-768x512.jpeg 768w, https:\/\/acrj.org.br\/wp-content\/uploads\/2023\/04\/WhatsApp-Image-2023-04-28-at-15.50.46-1.jpeg 1280w\" sizes=\"(max-width: 1024px) 100vw, 1024px\" \/><figcaption class=\"wp-element-caption\">Antenor Barros Leal, Daniel Homem de Carvalho e o secret\u00e1rio Eduardo Cavaliere<\/figcaption><\/figure>\n\n\n\n<figure class=\"wp-block-image size-large\"><img decoding=\"async\" width=\"1024\" height=\"768\" data-id=\"15893\" src=\"https:\/\/acrj.org.br\/wp-content\/uploads\/2023\/04\/com-consul-do-Japao-1024x768.jpeg\" alt=\"\" class=\"wp-image-15893\" srcset=\"https:\/\/acrj.org.br\/wp-content\/uploads\/2023\/04\/com-consul-do-Japao-1024x768.jpeg 1024w, https:\/\/acrj.org.br\/wp-content\/uploads\/2023\/04\/com-consul-do-Japao-600x450.jpeg 600w, https:\/\/acrj.org.br\/wp-content\/uploads\/2023\/04\/com-consul-do-Japao-300x225.jpeg 300w, https:\/\/acrj.org.br\/wp-content\/uploads\/2023\/04\/com-consul-do-Japao-768x576.jpeg 768w, https:\/\/acrj.org.br\/wp-content\/uploads\/2023\/04\/com-consul-do-Japao-1536x1152.jpeg 1536w, https:\/\/acrj.org.br\/wp-content\/uploads\/2023\/04\/com-consul-do-Japao.jpeg 1600w\" sizes=\"(max-width: 1024px) 100vw, 1024px\" \/><figcaption class=\"wp-element-caption\">O benem\u00e9rito Maur\u00edcio Dinep, Michelle Fernandes, Daniel Homem de Carvalho, o consul do Jap\u00e3o, Ken Hashiba, e Antenor Barros Leal<\/figcaption><\/figure>\n\n\n\n<figure class=\"wp-block-image size-large\"><img decoding=\"async\" width=\"1024\" height=\"683\" data-id=\"15930\" src=\"https:\/\/acrj.org.br\/wp-content\/uploads\/2023\/04\/WhatsApp-Image-2023-04-28-at-15.50.47-1024x683.jpeg\" alt=\"\" class=\"wp-image-15930\" srcset=\"https:\/\/acrj.org.br\/wp-content\/uploads\/2023\/04\/WhatsApp-Image-2023-04-28-at-15.50.47-1024x683.jpeg 1024w, https:\/\/acrj.org.br\/wp-content\/uploads\/2023\/04\/WhatsApp-Image-2023-04-28-at-15.50.47-600x400.jpeg 600w, https:\/\/acrj.org.br\/wp-content\/uploads\/2023\/04\/WhatsApp-Image-2023-04-28-at-15.50.47-300x200.jpeg 300w, https:\/\/acrj.org.br\/wp-content\/uploads\/2023\/04\/WhatsApp-Image-2023-04-28-at-15.50.47-768x512.jpeg 768w, https:\/\/acrj.org.br\/wp-content\/uploads\/2023\/04\/WhatsApp-Image-2023-04-28-at-15.50.47.jpeg 1280w\" sizes=\"(max-width: 1024px) 100vw, 1024px\" \/><figcaption class=\"wp-element-caption\">Secret\u00e1rio destacou a revitaliza\u00e7\u00e3o do Centro do Rio<\/figcaption><\/figure>\n\n\n\n<figure class=\"wp-block-image size-large\"><img loading=\"lazy\" decoding=\"async\" width=\"997\" height=\"997\" data-id=\"15894\" src=\"https:\/\/acrj.org.br\/wp-content\/uploads\/2023\/04\/WhatsApp-Image-2023-04-28-at-14.46.30-edited.jpeg\" alt=\"\" class=\"wp-image-15894\" srcset=\"https:\/\/acrj.org.br\/wp-content\/uploads\/2023\/04\/WhatsApp-Image-2023-04-28-at-14.46.30-edited.jpeg 997w, https:\/\/acrj.org.br\/wp-content\/uploads\/2023\/04\/WhatsApp-Image-2023-04-28-at-14.46.30-edited-300x300.jpeg 300w, https:\/\/acrj.org.br\/wp-content\/uploads\/2023\/04\/WhatsApp-Image-2023-04-28-at-14.46.30-edited-100x100.jpeg 100w, https:\/\/acrj.org.br\/wp-content\/uploads\/2023\/04\/WhatsApp-Image-2023-04-28-at-14.46.30-edited-600x600.jpeg 600w, https:\/\/acrj.org.br\/wp-content\/uploads\/2023\/04\/WhatsApp-Image-2023-04-28-at-14.46.30-edited-150x150.jpeg 150w, https:\/\/acrj.org.br\/wp-content\/uploads\/2023\/04\/WhatsApp-Image-2023-04-28-at-14.46.30-edited-768x768.jpeg 768w\" sizes=\"(max-width: 997px) 100vw, 997px\" \/><figcaption class=\"wp-element-caption\">A est\u00e1tua de Mau\u00e1 e reinaugurada<\/figcaption><\/figure>\n\n\n\n<figure class=\"wp-block-image size-large\"><img loading=\"lazy\" decoding=\"async\" width=\"1024\" height=\"576\" data-id=\"15892\" src=\"https:\/\/acrj.org.br\/wp-content\/uploads\/2023\/04\/WhatsApp-Image-2023-04-28-at-14.24.28-1024x576.jpeg\" alt=\"\" class=\"wp-image-15892\" srcset=\"https:\/\/acrj.org.br\/wp-content\/uploads\/2023\/04\/WhatsApp-Image-2023-04-28-at-14.24.28-1024x576.jpeg 1024w, https:\/\/acrj.org.br\/wp-content\/uploads\/2023\/04\/WhatsApp-Image-2023-04-28-at-14.24.28-600x338.jpeg 600w, https:\/\/acrj.org.br\/wp-content\/uploads\/2023\/04\/WhatsApp-Image-2023-04-28-at-14.24.28-300x169.jpeg 300w, https:\/\/acrj.org.br\/wp-content\/uploads\/2023\/04\/WhatsApp-Image-2023-04-28-at-14.24.28-768x432.jpeg 768w, https:\/\/acrj.org.br\/wp-content\/uploads\/2023\/04\/WhatsApp-Image-2023-04-28-at-14.24.28-1536x864.jpeg 1536w, https:\/\/acrj.org.br\/wp-content\/uploads\/2023\/04\/WhatsApp-Image-2023-04-28-at-14.24.28.jpeg 1600w\" sizes=\"(max-width: 1024px) 100vw, 1024px\" \/><figcaption class=\"wp-element-caption\">Douglas Fasolato, Vera Tostes e Rozane Braga<\/figcaption><\/figure>\n\n\n\n<figure class=\"wp-block-image size-large\"><img loading=\"lazy\" decoding=\"async\" width=\"1024\" height=\"576\" data-id=\"15890\" src=\"https:\/\/acrj.org.br\/wp-content\/uploads\/2023\/04\/WhatsApp-Image-2023-04-28-at-14.27.59-1024x576.jpeg\" alt=\"\" class=\"wp-image-15890\" srcset=\"https:\/\/acrj.org.br\/wp-content\/uploads\/2023\/04\/WhatsApp-Image-2023-04-28-at-14.27.59-1024x576.jpeg 1024w, https:\/\/acrj.org.br\/wp-content\/uploads\/2023\/04\/WhatsApp-Image-2023-04-28-at-14.27.59-600x338.jpeg 600w, https:\/\/acrj.org.br\/wp-content\/uploads\/2023\/04\/WhatsApp-Image-2023-04-28-at-14.27.59-300x169.jpeg 300w, https:\/\/acrj.org.br\/wp-content\/uploads\/2023\/04\/WhatsApp-Image-2023-04-28-at-14.27.59-768x432.jpeg 768w, https:\/\/acrj.org.br\/wp-content\/uploads\/2023\/04\/WhatsApp-Image-2023-04-28-at-14.27.59-1536x864.jpeg 1536w, https:\/\/acrj.org.br\/wp-content\/uploads\/2023\/04\/WhatsApp-Image-2023-04-28-at-14.27.59.jpeg 1600w\" sizes=\"(max-width: 1024px) 100vw, 1024px\" \/><figcaption class=\"wp-element-caption\">Portela centen\u00e1ria<\/figcaption><\/figure>\n\n\n\n<figure class=\"wp-block-image size-large\"><img loading=\"lazy\" decoding=\"async\" width=\"1024\" height=\"684\" data-id=\"15899\" src=\"https:\/\/acrj.org.br\/wp-content\/uploads\/2023\/04\/WhatsApp-Image-2023-04-28-at-14.56.54-1024x684.jpeg\" alt=\"\" class=\"wp-image-15899\" srcset=\"https:\/\/acrj.org.br\/wp-content\/uploads\/2023\/04\/WhatsApp-Image-2023-04-28-at-14.56.54-1024x684.jpeg 1024w, https:\/\/acrj.org.br\/wp-content\/uploads\/2023\/04\/WhatsApp-Image-2023-04-28-at-14.56.54-600x401.jpeg 600w, https:\/\/acrj.org.br\/wp-content\/uploads\/2023\/04\/WhatsApp-Image-2023-04-28-at-14.56.54-300x200.jpeg 300w, https:\/\/acrj.org.br\/wp-content\/uploads\/2023\/04\/WhatsApp-Image-2023-04-28-at-14.56.54-768x513.jpeg 768w, https:\/\/acrj.org.br\/wp-content\/uploads\/2023\/04\/WhatsApp-Image-2023-04-28-at-14.56.54.jpeg 1504w\" sizes=\"(max-width: 1024px) 100vw, 1024px\" \/><figcaption class=\"wp-element-caption\">Visconde de Mau\u00e1 d\u00e1 \u00e0s boas vindas aos visitantes<\/figcaption><\/figure>\n\n\n\n<figure class=\"wp-block-image size-large\"><img loading=\"lazy\" decoding=\"async\" width=\"1024\" height=\"684\" data-id=\"15900\" src=\"https:\/\/acrj.org.br\/wp-content\/uploads\/2023\/04\/WhatsApp-Image-2023-04-28-at-14.56.52-1024x684.jpeg\" alt=\"\" class=\"wp-image-15900\" srcset=\"https:\/\/acrj.org.br\/wp-content\/uploads\/2023\/04\/WhatsApp-Image-2023-04-28-at-14.56.52-1024x684.jpeg 1024w, https:\/\/acrj.org.br\/wp-content\/uploads\/2023\/04\/WhatsApp-Image-2023-04-28-at-14.56.52-600x401.jpeg 600w, https:\/\/acrj.org.br\/wp-content\/uploads\/2023\/04\/WhatsApp-Image-2023-04-28-at-14.56.52-300x200.jpeg 300w, https:\/\/acrj.org.br\/wp-content\/uploads\/2023\/04\/WhatsApp-Image-2023-04-28-at-14.56.52-768x513.jpeg 768w, https:\/\/acrj.org.br\/wp-content\/uploads\/2023\/04\/WhatsApp-Image-2023-04-28-at-14.56.52.jpeg 1504w\" sizes=\"(max-width: 1024px) 100vw, 1024px\" \/><figcaption class=\"wp-element-caption\">Bateria nota 10<\/figcaption><\/figure>\n\n\n\n<figure class=\"wp-block-image size-large\"><img loading=\"lazy\" decoding=\"async\" width=\"1024\" height=\"684\" data-id=\"15901\" src=\"https:\/\/acrj.org.br\/wp-content\/uploads\/2023\/04\/WhatsApp-Image-2023-04-28-at-14.55.37-1024x684.jpeg\" alt=\"\" class=\"wp-image-15901\" srcset=\"https:\/\/acrj.org.br\/wp-content\/uploads\/2023\/04\/WhatsApp-Image-2023-04-28-at-14.55.37-1024x684.jpeg 1024w, https:\/\/acrj.org.br\/wp-content\/uploads\/2023\/04\/WhatsApp-Image-2023-04-28-at-14.55.37-600x401.jpeg 600w, https:\/\/acrj.org.br\/wp-content\/uploads\/2023\/04\/WhatsApp-Image-2023-04-28-at-14.55.37-300x200.jpeg 300w, https:\/\/acrj.org.br\/wp-content\/uploads\/2023\/04\/WhatsApp-Image-2023-04-28-at-14.55.37-768x513.jpeg 768w, https:\/\/acrj.org.br\/wp-content\/uploads\/2023\/04\/WhatsApp-Image-2023-04-28-at-14.55.37.jpeg 1504w\" sizes=\"(max-width: 1024px) 100vw, 1024px\" \/><figcaption class=\"wp-element-caption\">Conselhos de Jovens com membros da diretoria e convidados<\/figcaption><\/figure>\n<\/figure>\n\n\n\n<p><\/p>\n","protected":false},"excerpt":{"rendered":"<p>A est\u00e1tua de tr\u00eas metros de altura de Irineu Evangelista de Sousa, o Visconde de Mau\u00e1, considerado o maior empreendedor do Brasil, foi reinaugurada em&hellip;<\/p>\n","protected":false},"author":3,"featured_media":15896,"comment_status":"closed","ping_status":"closed","sticky":false,"template":"","format":"standard","meta":{"_exactmetrics_skip_tracking":false,"_exactmetrics_sitenote_active":false,"_exactmetrics_sitenote_note":"","_exactmetrics_sitenote_category":0,"footnotes":""},"categories":[6],"tags":[],"class_list":["post-15880","post","type-post","status-publish","format-standard","has-post-thumbnail","hentry","category-destaque_noticias"],"_links":{"self":[{"href":"https:\/\/acrj.org.br\/index.php\/wp-json\/wp\/v2\/posts\/15880","targetHints":{"allow":["GET"]}}],"collection":[{"href":"https:\/\/acrj.org.br\/index.php\/wp-json\/wp\/v2\/posts"}],"about":[{"href":"https:\/\/acrj.org.br\/index.php\/wp-json\/wp\/v2\/types\/post"}],"author":[{"embeddable":true,"href":"https:\/\/acrj.org.br\/index.php\/wp-json\/wp\/v2\/users\/3"}],"replies":[{"embeddable":true,"href":"https:\/\/acrj.org.br\/index.php\/wp-json\/wp\/v2\/comments?post=15880"}],"version-history":[{"count":0,"href":"https:\/\/acrj.org.br\/index.php\/wp-json\/wp\/v2\/posts\/15880\/revisions"}],"wp:featuredmedia":[{"embeddable":true,"href":"https:\/\/acrj.org.br\/index.php\/wp-json\/wp\/v2\/media\/15896"}],"wp:attachment":[{"href":"https:\/\/acrj.org.br\/index.php\/wp-json\/wp\/v2\/media?parent=15880"}],"wp:term":[{"taxonomy":"category","embeddable":true,"href":"https:\/\/acrj.org.br\/index.php\/wp-json\/wp\/v2\/categories?post=15880"},{"taxonomy":"post_tag","embeddable":true,"href":"https:\/\/acrj.org.br\/index.php\/wp-json\/wp\/v2\/tags?post=15880"}],"curies":[{"name":"wp","href":"https:\/\/api.w.org\/{rel}","templated":true}]}}