{"id":15871,"date":"2023-04-27T17:31:07","date_gmt":"2023-04-27T20:31:07","guid":{"rendered":"https:\/\/acrj.org.br\/?p=15871"},"modified":"2023-04-27T17:38:18","modified_gmt":"2023-04-27T20:38:18","slug":"acrj-associa-duas-novas-empresarias","status":"publish","type":"post","link":"https:\/\/acrj.org.br\/index.php\/2023\/04\/27\/acrj-associa-duas-novas-empresarias\/","title":{"rendered":"ACRJ associa duas novas empres\u00e1rias"},"content":{"rendered":"\n<p>A ACRJ ganhou nesta 5a feira (27\/4) duas novas associadas. As empres\u00e1rias Simone Mendon\u00e7a e Andreia Tosta.<br>Simone \u00e9 jornalista e assessora de imprensa, especializada em Comunica\u00e7\u00e3o para as plataformas digitais. Andreia \u00e9 profissional na \u00e1rea de Rela\u00e7\u00f5es Governamentais, mentora de projetos para grandes empresas e consultora especialista da Unesco.<br>As novas associadas receberam as boas vindas do presidente em exerc\u00edcio da ACRJ, Daniel Homem\u00a0de\u00a0Carvalho.<\/p>\n","protected":false},"excerpt":{"rendered":"<p>A ACRJ ganhou nesta 5a feira (27\/4) duas novas associadas. As empres\u00e1rias Simone Mendon\u00e7a e Andreia Tosta.Simone \u00e9 jornalista e assessora de imprensa, especializada em&hellip;<\/p>\n","protected":false},"author":1,"featured_media":15872,"comment_status":"closed","ping_status":"closed","sticky":false,"template":"","format":"standard","meta":{"_exactmetrics_skip_tracking":false,"_exactmetrics_sitenote_active":false,"_exactmetrics_sitenote_note":"","_exactmetrics_sitenote_category":0,"footnotes":""},"categories":[10],"tags":[],"class_list":["post-15871","post","type-post","status-publish","format-standard","has-post-thumbnail","hentry","category-noticias"],"_links":{"self":[{"href":"https:\/\/acrj.org.br\/index.php\/wp-json\/wp\/v2\/posts\/15871","targetHints":{"allow":["GET"]}}],"collection":[{"href":"https:\/\/acrj.org.br\/index.php\/wp-json\/wp\/v2\/posts"}],"about":[{"href":"https:\/\/acrj.org.br\/index.php\/wp-json\/wp\/v2\/types\/post"}],"author":[{"embeddable":true,"href":"https:\/\/acrj.org.br\/index.php\/wp-json\/wp\/v2\/users\/1"}],"replies":[{"embeddable":true,"href":"https:\/\/acrj.org.br\/index.php\/wp-json\/wp\/v2\/comments?post=15871"}],"version-history":[{"count":0,"href":"https:\/\/acrj.org.br\/index.php\/wp-json\/wp\/v2\/posts\/15871\/revisions"}],"wp:featuredmedia":[{"embeddable":true,"href":"https:\/\/acrj.org.br\/index.php\/wp-json\/wp\/v2\/media\/15872"}],"wp:attachment":[{"href":"https:\/\/acrj.org.br\/index.php\/wp-json\/wp\/v2\/media?parent=15871"}],"wp:term":[{"taxonomy":"category","embeddable":true,"href":"https:\/\/acrj.org.br\/index.php\/wp-json\/wp\/v2\/categories?post=15871"},{"taxonomy":"post_tag","embeddable":true,"href":"https:\/\/acrj.org.br\/index.php\/wp-json\/wp\/v2\/tags?post=15871"}],"curies":[{"name":"wp","href":"https:\/\/api.w.org\/{rel}","templated":true}]}}