{"id":15867,"date":"2023-04-27T14:52:20","date_gmt":"2023-04-27T17:52:20","guid":{"rendered":"https:\/\/acrj.org.br\/?p=15867"},"modified":"2023-04-27T15:08:59","modified_gmt":"2023-04-27T18:08:59","slug":"presidente-do-inea-e-recebido-na-acrj","status":"publish","type":"post","link":"https:\/\/acrj.org.br\/index.php\/2023\/04\/27\/presidente-do-inea-e-recebido-na-acrj\/","title":{"rendered":"Presidente do INEA \u00e9 recebido na Associa\u00e7\u00e3o Comercial"},"content":{"rendered":"\n<p>O presidente do Instituto Estadual do Ambiente (Inea), Philipe Campello, foi recebido nesta 5\u00aa feira (27\/4), pelo presidente em exerc\u00edcio da ACRJ, Daniel Homem de Carvalho. Na pauta, quest\u00f5es ambientais e de desenvolvimento sustent\u00e1vel, a atua\u00e7\u00e3o do Instituto e a import\u00e2ncia do engajamento das empresas do Rio de Janeiro nesta \u00e1rea.<\/p>\n\n\n\n<p>\u201cO Philipe \u00e9 membro do nosso Conselho de Meio Ambiente, Mudan\u00e7as Clim\u00e1ticas e Saneamento e um grande parceiro desta Casa. \u00c9 um gestor reconhecido pela compet\u00eancia e a atua\u00e7\u00e3o na gest\u00e3o ambiental no nosso estado\u201d, disse.<\/p>\n\n\n\n<p>O presidente do Inea falou especialmente sobre o Programa Parceiro no Verde, criado em 2021, e que bonifica as empresas que adotam boas pr\u00e1ticas em seus processos de produ\u00e7\u00e3o, com prazos maiores na renova\u00e7\u00e3o de suas licen\u00e7as ambientais.<\/p>\n\n\n\n<p>\u201cEstamos no caminho de compatibilizar o desenvolvimento econ\u00f4mico com a conserva\u00e7\u00e3o ambiental. J\u00e1 passou a \u00e9poca em que havia uma rivalidade nessas duas \u00e1reas. Assim criamos o Parceiro no Verde, para incentivar cada vez mais as empresas a avan\u00e7arem nas melhorias ambientes dentro de suas \u00e1reas de atua\u00e7\u00e3o\u201d, explicou.<\/p>\n\n\n\n<p>Para participar, as empresas aderem ao banco de projetos disponibilizados pelo Inea, que incluem programas como educa\u00e7\u00e3o ambiental, restaura\u00e7\u00e3o florestal e outros, ou podem propor seu pr\u00f3prio projeto, que ser\u00e1 analisado pelo Conselho Diretor do Instituto. O Parceiro no Verde entrou em vigor a partir do novo Sistema Estadual de Licenciamento e Controle Ambiental (SELCA).<\/p>\n","protected":false},"excerpt":{"rendered":"<p>O presidente do Instituto Estadual do Ambiente (Inea), Philipe Campello, foi recebido nesta 5\u00aa feira (27\/4), pelo presidente em exerc\u00edcio da ACRJ, Daniel Homem de&hellip;<\/p>\n","protected":false},"author":3,"featured_media":15868,"comment_status":"closed","ping_status":"closed","sticky":false,"template":"","format":"standard","meta":{"_exactmetrics_skip_tracking":false,"_exactmetrics_sitenote_active":false,"_exactmetrics_sitenote_note":"","_exactmetrics_sitenote_category":0,"footnotes":""},"categories":[10],"tags":[],"class_list":["post-15867","post","type-post","status-publish","format-standard","has-post-thumbnail","hentry","category-noticias"],"_links":{"self":[{"href":"https:\/\/acrj.org.br\/index.php\/wp-json\/wp\/v2\/posts\/15867","targetHints":{"allow":["GET"]}}],"collection":[{"href":"https:\/\/acrj.org.br\/index.php\/wp-json\/wp\/v2\/posts"}],"about":[{"href":"https:\/\/acrj.org.br\/index.php\/wp-json\/wp\/v2\/types\/post"}],"author":[{"embeddable":true,"href":"https:\/\/acrj.org.br\/index.php\/wp-json\/wp\/v2\/users\/3"}],"replies":[{"embeddable":true,"href":"https:\/\/acrj.org.br\/index.php\/wp-json\/wp\/v2\/comments?post=15867"}],"version-history":[{"count":0,"href":"https:\/\/acrj.org.br\/index.php\/wp-json\/wp\/v2\/posts\/15867\/revisions"}],"wp:featuredmedia":[{"embeddable":true,"href":"https:\/\/acrj.org.br\/index.php\/wp-json\/wp\/v2\/media\/15868"}],"wp:attachment":[{"href":"https:\/\/acrj.org.br\/index.php\/wp-json\/wp\/v2\/media?parent=15867"}],"wp:term":[{"taxonomy":"category","embeddable":true,"href":"https:\/\/acrj.org.br\/index.php\/wp-json\/wp\/v2\/categories?post=15867"},{"taxonomy":"post_tag","embeddable":true,"href":"https:\/\/acrj.org.br\/index.php\/wp-json\/wp\/v2\/tags?post=15867"}],"curies":[{"name":"wp","href":"https:\/\/api.w.org\/{rel}","templated":true}]}}