{"id":15859,"date":"2023-04-26T18:34:46","date_gmt":"2023-04-26T21:34:46","guid":{"rendered":"https:\/\/acrj.org.br\/?p=15859"},"modified":"2023-04-28T15:07:12","modified_gmt":"2023-04-28T18:07:12","slug":"secretario-da-policia-militar-do-estado-do-rio-faz-balanco-da-seguranca-em-reuniao-na-acrj","status":"publish","type":"post","link":"https:\/\/acrj.org.br\/index.php\/2023\/04\/26\/secretario-da-policia-militar-do-estado-do-rio-faz-balanco-da-seguranca-em-reuniao-na-acrj\/","title":{"rendered":"Secret\u00e1rio da Pol\u00edcia Militar do Estado do Rio faz balan\u00e7o da Seguran\u00e7a em reuni\u00e3o na ACRJ"},"content":{"rendered":"\n<p>O coronel PM, Luiz Henrique Marinho Pires, secret\u00e1rio de Estado da Pol\u00edcia Militar do Estado do RJ, foi o convidado da reuni\u00e3o do Conselho Diretor da ACRJ, realizada dia 26 de abril. O secret\u00e1rio foi recebido pelo presidente em exerc\u00edcio da ACRJ, Daniel Homem de Carvalho, que retomou este ano a realiza\u00e7\u00e3o das reuni\u00f5es do Conselho. Tamb\u00e9m participaram do encontro, o chefe do Comando e Controle do Comando Militar do Leste, general de Brigada Mario Eduardo Moura Sassone, o chefe da Assessoria de Rela\u00e7\u00f5es Institucionais do Comando Militar do Leste, general de Brigada Ernesto Lima Gil, e o inspetor da Guarda Municipal, Marco Pereira.<\/p>\n\n\n\n<p>Ao abrir o encontro, Daniel Homem de Carvalho lembrou do antigo Conselho de Seguran\u00e7a da ACRJ, que durante algum tempo *foi presidido pelo Grande Benem\u00e9rito da ACRJ, Francisco Horta. \u201cO tema seguran\u00e7a est\u00e1 presente em todos os nossos Conselhos. Na minha compreens\u00e3o, este tema tem um aspecto da inseguran\u00e7a e da percep\u00e7\u00e3o da inseguran\u00e7a, que tamb\u00e9m \u00e9 um problema. A informa\u00e7\u00e3o hoje corre muito r\u00e1pido, por diversos meios, e isso pode incrementar esta sensa\u00e7\u00e3o de inseguran\u00e7a\u201d, ressaltou.<\/p>\n\n\n\n<p>O coronel Luiz Henrique Pires apresentou um balan\u00e7o sobre a Seguran\u00e7a no Estado do Rio de Janeiro destacando os dados sobre roubo de cargas, de ve\u00edculos, apreens\u00f5es de armas, entre outros. Os dados mostram uma queda de cerca de 9 mil em 2018 para 4,2 mil em 2022. \u201cMas ainda \u00e9 um n\u00famero muito alto, mas estamos em um processo de redu\u00e7\u00e3o atrav\u00e9s de um esfor\u00e7o conjunto de v\u00e1rias Pol\u00edcias\u201d, explicou.<\/p>\n\n\n\n<p>O secret\u00e1rio tamb\u00e9m falou sobre o investimento da Pol\u00edcia Militar em tecnologia, que vem contribuindo com o trabalho di\u00e1rio dos policiais. Ele citou algumas iniciativas, como o aplicativo do 190, as ocorr\u00eancias que podem ser feitas de forma on line, a instala\u00e7\u00e3o de c\u00e2meras port\u00e1teis nos uniformes dos policiais e o aplicativo Rede Mulheres, que est\u00e1 agilizando o atendimento \u00e0s ocorr\u00eancias de viol\u00eancia contra as mulheres.<\/p>\n\n\n\n<p>De acordo com o secret\u00e1rio a PM j\u00e1 investiu mais de R$ 100 milh\u00f5es na constru\u00e7\u00e3o de um Centro de Treinamento no bairro de Ramos, al\u00e9m da reforma de 50 batalh\u00f5es e mais R$ 307 milh\u00f5es destinados \u00e0 aquisi\u00e7\u00e3o de equipamentos, como coletes, ambul\u00e2ncias, ve\u00edculos blindados, viaturas e outros.<\/p>\n\n\n\n<p>A presidente do Conselho de Competitividade, Ambiente de Neg\u00f3cios e Agroneg\u00f3cio, Irini Tsouroutsoglou, informou a cria\u00e7\u00e3o do Grupo de Trabalho sobre Seguran\u00e7a, que atuar\u00e1 no \u00e2mbito do conselho, mas em uma interface com os demais da ACRJ.<\/p>\n\n\n\n<p>Daniel Homem de Carvalho encerrou a reuni\u00e3o destacando que \u201ca ACRJ \u00e9 a Casa do Empres\u00e1rio, que preza a liberdade, o direito \u00e0 propriedade e o direito \u00e0 vida. Se n\u00e3o tivermos uma for\u00e7a de seguran\u00e7a, aliada, pr\u00f3xima da comunidade e eficiente, uma sociedade n\u00e3o pode prosperar. As sociedades prosperaram quando souberam preservar esses direitos fundamentais. Aqui na Associa\u00e7\u00e3o Comercial, a Pol\u00edcia Militar tem um aliado para que a sociedade possa viver em paz e em harmonia\u201d, finalizou.<\/p>\n\n\n\n<p>A reuni\u00e3o na \u00edntegra est\u00e1 dispon\u00edvel no Canal ACRJ Divulga no YouTube. <strong><a href=\"https:\/\/youtu.be\/YqTIG3h451w\">Acesse aqui<\/a><\/strong><\/p>\n\n\n\n<figure class=\"wp-block-gallery has-nested-images columns-2 is-cropped wp-block-gallery-1 is-layout-flex wp-block-gallery-is-layout-flex\">\n<figure class=\"wp-block-image size-large\"><img fetchpriority=\"high\" decoding=\"async\" width=\"1024\" height=\"576\" data-id=\"15860\" src=\"https:\/\/acrj.org.br\/wp-content\/uploads\/2023\/04\/WhatsApp-Image-2023-04-26-at-18.19.37-1024x576.jpeg\" alt=\"\" class=\"wp-image-15860\" srcset=\"https:\/\/acrj.org.br\/wp-content\/uploads\/2023\/04\/WhatsApp-Image-2023-04-26-at-18.19.37-1024x576.jpeg 1024w, https:\/\/acrj.org.br\/wp-content\/uploads\/2023\/04\/WhatsApp-Image-2023-04-26-at-18.19.37-600x338.jpeg 600w, https:\/\/acrj.org.br\/wp-content\/uploads\/2023\/04\/WhatsApp-Image-2023-04-26-at-18.19.37-300x169.jpeg 300w, https:\/\/acrj.org.br\/wp-content\/uploads\/2023\/04\/WhatsApp-Image-2023-04-26-at-18.19.37-768x432.jpeg 768w, https:\/\/acrj.org.br\/wp-content\/uploads\/2023\/04\/WhatsApp-Image-2023-04-26-at-18.19.37-1536x864.jpeg 1536w, https:\/\/acrj.org.br\/wp-content\/uploads\/2023\/04\/WhatsApp-Image-2023-04-26-at-18.19.37.jpeg 1600w\" sizes=\"(max-width: 1024px) 100vw, 1024px\" \/><\/figure>\n\n\n\n<figure class=\"wp-block-image size-large\"><img decoding=\"async\" width=\"1024\" height=\"576\" data-id=\"15862\" src=\"https:\/\/acrj.org.br\/wp-content\/uploads\/2023\/04\/WhatsApp-Image-2023-04-26-at-18.19.37-2-1024x576.jpeg\" alt=\"\" class=\"wp-image-15862\" srcset=\"https:\/\/acrj.org.br\/wp-content\/uploads\/2023\/04\/WhatsApp-Image-2023-04-26-at-18.19.37-2-1024x576.jpeg 1024w, https:\/\/acrj.org.br\/wp-content\/uploads\/2023\/04\/WhatsApp-Image-2023-04-26-at-18.19.37-2-600x338.jpeg 600w, https:\/\/acrj.org.br\/wp-content\/uploads\/2023\/04\/WhatsApp-Image-2023-04-26-at-18.19.37-2-300x169.jpeg 300w, https:\/\/acrj.org.br\/wp-content\/uploads\/2023\/04\/WhatsApp-Image-2023-04-26-at-18.19.37-2-768x432.jpeg 768w, https:\/\/acrj.org.br\/wp-content\/uploads\/2023\/04\/WhatsApp-Image-2023-04-26-at-18.19.37-2-1536x864.jpeg 1536w, https:\/\/acrj.org.br\/wp-content\/uploads\/2023\/04\/WhatsApp-Image-2023-04-26-at-18.19.37-2.jpeg 1600w\" sizes=\"(max-width: 1024px) 100vw, 1024px\" \/><\/figure>\n\n\n\n<figure class=\"wp-block-image size-large\"><img decoding=\"async\" width=\"1024\" height=\"576\" data-id=\"15863\" src=\"https:\/\/acrj.org.br\/wp-content\/uploads\/2023\/04\/WhatsApp-Image-2023-04-26-at-18.31.04-1024x576.jpeg\" alt=\"\" class=\"wp-image-15863\" srcset=\"https:\/\/acrj.org.br\/wp-content\/uploads\/2023\/04\/WhatsApp-Image-2023-04-26-at-18.31.04-1024x576.jpeg 1024w, https:\/\/acrj.org.br\/wp-content\/uploads\/2023\/04\/WhatsApp-Image-2023-04-26-at-18.31.04-600x338.jpeg 600w, https:\/\/acrj.org.br\/wp-content\/uploads\/2023\/04\/WhatsApp-Image-2023-04-26-at-18.31.04-300x169.jpeg 300w, https:\/\/acrj.org.br\/wp-content\/uploads\/2023\/04\/WhatsApp-Image-2023-04-26-at-18.31.04-768x432.jpeg 768w, https:\/\/acrj.org.br\/wp-content\/uploads\/2023\/04\/WhatsApp-Image-2023-04-26-at-18.31.04-1536x864.jpeg 1536w, https:\/\/acrj.org.br\/wp-content\/uploads\/2023\/04\/WhatsApp-Image-2023-04-26-at-18.31.04.jpeg 1600w\" sizes=\"(max-width: 1024px) 100vw, 1024px\" \/><\/figure>\n\n\n\n<figure class=\"wp-block-image size-large\"><img loading=\"lazy\" decoding=\"async\" width=\"1024\" height=\"576\" data-id=\"15864\" src=\"https:\/\/acrj.org.br\/wp-content\/uploads\/2023\/04\/WhatsApp-Image-2023-04-26-at-18.31.07-1024x576.jpeg\" alt=\"\" class=\"wp-image-15864\" srcset=\"https:\/\/acrj.org.br\/wp-content\/uploads\/2023\/04\/WhatsApp-Image-2023-04-26-at-18.31.07-1024x576.jpeg 1024w, https:\/\/acrj.org.br\/wp-content\/uploads\/2023\/04\/WhatsApp-Image-2023-04-26-at-18.31.07-600x338.jpeg 600w, https:\/\/acrj.org.br\/wp-content\/uploads\/2023\/04\/WhatsApp-Image-2023-04-26-at-18.31.07-300x169.jpeg 300w, https:\/\/acrj.org.br\/wp-content\/uploads\/2023\/04\/WhatsApp-Image-2023-04-26-at-18.31.07-768x432.jpeg 768w, https:\/\/acrj.org.br\/wp-content\/uploads\/2023\/04\/WhatsApp-Image-2023-04-26-at-18.31.07-1536x864.jpeg 1536w, https:\/\/acrj.org.br\/wp-content\/uploads\/2023\/04\/WhatsApp-Image-2023-04-26-at-18.31.07.jpeg 1600w\" sizes=\"(max-width: 1024px) 100vw, 1024px\" \/><\/figure>\n<\/figure>\n","protected":false},"excerpt":{"rendered":"<p>O coronel PM, Luiz Henrique Marinho Pires, secret\u00e1rio de Estado da Pol\u00edcia Militar do Estado do RJ, foi o convidado da reuni\u00e3o do Conselho Diretor&hellip;<\/p>\n","protected":false},"author":3,"featured_media":15861,"comment_status":"closed","ping_status":"closed","sticky":false,"template":"","format":"standard","meta":{"_exactmetrics_skip_tracking":false,"_exactmetrics_sitenote_active":false,"_exactmetrics_sitenote_note":"","_exactmetrics_sitenote_category":0,"footnotes":""},"categories":[6],"tags":[],"class_list":["post-15859","post","type-post","status-publish","format-standard","has-post-thumbnail","hentry","category-destaque_noticias"],"_links":{"self":[{"href":"https:\/\/acrj.org.br\/index.php\/wp-json\/wp\/v2\/posts\/15859","targetHints":{"allow":["GET"]}}],"collection":[{"href":"https:\/\/acrj.org.br\/index.php\/wp-json\/wp\/v2\/posts"}],"about":[{"href":"https:\/\/acrj.org.br\/index.php\/wp-json\/wp\/v2\/types\/post"}],"author":[{"embeddable":true,"href":"https:\/\/acrj.org.br\/index.php\/wp-json\/wp\/v2\/users\/3"}],"replies":[{"embeddable":true,"href":"https:\/\/acrj.org.br\/index.php\/wp-json\/wp\/v2\/comments?post=15859"}],"version-history":[{"count":0,"href":"https:\/\/acrj.org.br\/index.php\/wp-json\/wp\/v2\/posts\/15859\/revisions"}],"wp:featuredmedia":[{"embeddable":true,"href":"https:\/\/acrj.org.br\/index.php\/wp-json\/wp\/v2\/media\/15861"}],"wp:attachment":[{"href":"https:\/\/acrj.org.br\/index.php\/wp-json\/wp\/v2\/media?parent=15859"}],"wp:term":[{"taxonomy":"category","embeddable":true,"href":"https:\/\/acrj.org.br\/index.php\/wp-json\/wp\/v2\/categories?post=15859"},{"taxonomy":"post_tag","embeddable":true,"href":"https:\/\/acrj.org.br\/index.php\/wp-json\/wp\/v2\/tags?post=15859"}],"curies":[{"name":"wp","href":"https:\/\/api.w.org\/{rel}","templated":true}]}}