{"id":15853,"date":"2023-04-25T17:50:01","date_gmt":"2023-04-25T20:50:01","guid":{"rendered":"https:\/\/acrj.org.br\/?p=15853"},"modified":"2023-04-25T17:50:02","modified_gmt":"2023-04-25T20:50:02","slug":"tributarista-defende-simplificacao-fiscal-em-reuniao-do-conselho-de-turismo-da-acrj","status":"publish","type":"post","link":"https:\/\/acrj.org.br\/index.php\/2023\/04\/25\/tributarista-defende-simplificacao-fiscal-em-reuniao-do-conselho-de-turismo-da-acrj\/","title":{"rendered":"Tributarista defende simplifica\u00e7\u00e3o fiscal em reuni\u00e3o do Conselho de Turismo da ACRJ"},"content":{"rendered":"\n<p>O Conselho Empresarial de Turismo da ACRJ recebeu nesta ter\u00e7a-feira (25 de abril) o tributarista Ricardo Almeida para debater a Reforma Tribut\u00e1ria. O encontro realizado no Hotel Hilton Copacabana abordou a proposta de reforma atualmente em discuss\u00e3o no Congresso Nacional. De acordo com o presidente do Conselho, Alfredo Lopes, o tema escolhido \u00e9 de grande relev\u00e2ncia, j\u00e1 que o setor precisa acompanhar permanentemente o que est\u00e1 sendo proposto. \u201cPrecisamos entender os impactos desta reforma no setor do turismo e de servi\u00e7os\u201d, disse.<\/p>\n\n\n\n<p>O especialista fez um hist\u00f3rico sobre as quatro reformas que o Brasil j\u00e1 teve, todas, de acordo com ele, em rela\u00e7\u00e3o \u00e0 tributa\u00e7\u00e3o sobre o consumo. Ricardo Almeida derrubou o mito que \u201cn\u00e3o se fez Reforma Tribut\u00e1ria depois da Constitui\u00e7\u00e3o de 1988\u201d, mencionando a cria\u00e7\u00e3o do \u201cgrande IVA federal\u201d (Imposto sobre Valor Agregado \u2013 PIS\/Cofins), o Simples Nacional e a reforma do ISSQN (Imposto Sobre Servi\u00e7os de Qualquer Natureza), \u201ca mais eficiente das reformas feitas no per\u00edodo\u201d, segundo ele.<\/p>\n\n\n\n<p>Ele defendeu a urg\u00eancia de uma simplifica\u00e7\u00e3o fiscal, e que a tributa\u00e7\u00e3o sobre a renda e o patrim\u00f4nio devem ser progressivas, enquanto sobre o consumo e a folha de pagamento, simplificadas. E criticou as propostas que pretendem introduzir um IVA centralizado no Brasil, como as PECs 45 e 110, que querem unificar tributos da Uni\u00e3o, Estados e Munic\u00edpios. Uma das alega\u00e7\u00f5es, segundo ele, \u00e9 de que \u201co setor de servi\u00e7os paga menos tributos que a ind\u00fastria\u201d. E acrescentou que uma nota t\u00e9cnica da Abrasf mostrou que o aumento da carga tribut\u00e1ria no setor de servi\u00e7os trar\u00e1 um crescimento das despesas correntes das cidades brasileiras de at\u00e9 R$ 32,4 bilh\u00f5es\/ano, totalizando R$ 121,3 bilh\u00f5es no per\u00edodo de transi\u00e7\u00e3o.<\/p>\n\n\n\n<figure class=\"wp-block-gallery has-nested-images columns-default is-cropped wp-block-gallery-1 is-layout-flex wp-block-gallery-is-layout-flex\">\n<figure class=\"wp-block-image size-large\"><img fetchpriority=\"high\" decoding=\"async\" width=\"1024\" height=\"813\" data-id=\"15856\" src=\"https:\/\/acrj.org.br\/wp-content\/uploads\/2023\/04\/reuniao_25_abr-e1682455788296-1024x813.jpeg\" alt=\"\" class=\"wp-image-15856\" srcset=\"https:\/\/acrj.org.br\/wp-content\/uploads\/2023\/04\/reuniao_25_abr-e1682455788296-1024x813.jpeg 1024w, https:\/\/acrj.org.br\/wp-content\/uploads\/2023\/04\/reuniao_25_abr-e1682455788296-600x477.jpeg 600w, https:\/\/acrj.org.br\/wp-content\/uploads\/2023\/04\/reuniao_25_abr-e1682455788296-300x238.jpeg 300w, https:\/\/acrj.org.br\/wp-content\/uploads\/2023\/04\/reuniao_25_abr-e1682455788296-768x610.jpeg 768w, https:\/\/acrj.org.br\/wp-content\/uploads\/2023\/04\/reuniao_25_abr-e1682455788296.jpeg 1128w\" sizes=\"(max-width: 1024px) 100vw, 1024px\" \/><\/figure>\n\n\n\n<figure class=\"wp-block-image size-large\"><img decoding=\"async\" width=\"1024\" height=\"576\" data-id=\"15855\" src=\"https:\/\/acrj.org.br\/wp-content\/uploads\/2023\/04\/reuniao_25_abr1-1024x576.jpeg\" alt=\"\" class=\"wp-image-15855\" srcset=\"https:\/\/acrj.org.br\/wp-content\/uploads\/2023\/04\/reuniao_25_abr1-1024x576.jpeg 1024w, https:\/\/acrj.org.br\/wp-content\/uploads\/2023\/04\/reuniao_25_abr1-600x338.jpeg 600w, https:\/\/acrj.org.br\/wp-content\/uploads\/2023\/04\/reuniao_25_abr1-300x169.jpeg 300w, https:\/\/acrj.org.br\/wp-content\/uploads\/2023\/04\/reuniao_25_abr1-768x432.jpeg 768w, https:\/\/acrj.org.br\/wp-content\/uploads\/2023\/04\/reuniao_25_abr1-1536x864.jpeg 1536w, https:\/\/acrj.org.br\/wp-content\/uploads\/2023\/04\/reuniao_25_abr1.jpeg 1600w\" sizes=\"(max-width: 1024px) 100vw, 1024px\" \/><\/figure>\n<\/figure>\n","protected":false},"excerpt":{"rendered":"<p>O Conselho Empresarial de Turismo da ACRJ recebeu nesta ter\u00e7a-feira (25 de abril) o tributarista Ricardo Almeida para debater a Reforma Tribut\u00e1ria. O encontro realizado&hellip;<\/p>\n","protected":false},"author":3,"featured_media":15854,"comment_status":"closed","ping_status":"open","sticky":false,"template":"","format":"standard","meta":{"_exactmetrics_skip_tracking":false,"_exactmetrics_sitenote_active":false,"_exactmetrics_sitenote_note":"","_exactmetrics_sitenote_category":0,"footnotes":""},"categories":[10],"tags":[],"class_list":["post-15853","post","type-post","status-publish","format-standard","has-post-thumbnail","hentry","category-noticias"],"_links":{"self":[{"href":"https:\/\/acrj.org.br\/index.php\/wp-json\/wp\/v2\/posts\/15853","targetHints":{"allow":["GET"]}}],"collection":[{"href":"https:\/\/acrj.org.br\/index.php\/wp-json\/wp\/v2\/posts"}],"about":[{"href":"https:\/\/acrj.org.br\/index.php\/wp-json\/wp\/v2\/types\/post"}],"author":[{"embeddable":true,"href":"https:\/\/acrj.org.br\/index.php\/wp-json\/wp\/v2\/users\/3"}],"replies":[{"embeddable":true,"href":"https:\/\/acrj.org.br\/index.php\/wp-json\/wp\/v2\/comments?post=15853"}],"version-history":[{"count":0,"href":"https:\/\/acrj.org.br\/index.php\/wp-json\/wp\/v2\/posts\/15853\/revisions"}],"wp:featuredmedia":[{"embeddable":true,"href":"https:\/\/acrj.org.br\/index.php\/wp-json\/wp\/v2\/media\/15854"}],"wp:attachment":[{"href":"https:\/\/acrj.org.br\/index.php\/wp-json\/wp\/v2\/media?parent=15853"}],"wp:term":[{"taxonomy":"category","embeddable":true,"href":"https:\/\/acrj.org.br\/index.php\/wp-json\/wp\/v2\/categories?post=15853"},{"taxonomy":"post_tag","embeddable":true,"href":"https:\/\/acrj.org.br\/index.php\/wp-json\/wp\/v2\/tags?post=15853"}],"curies":[{"name":"wp","href":"https:\/\/api.w.org\/{rel}","templated":true}]}}