{"id":15704,"date":"2023-04-10T16:51:00","date_gmt":"2023-04-10T19:51:00","guid":{"rendered":"https:\/\/acrj.org.br\/?p=15704"},"modified":"2023-04-24T13:33:47","modified_gmt":"2023-04-24T16:33:47","slug":"acrj-e-sistema-fecomercio-rj-promovem-debate-sobre-o-centro-do-rio","status":"publish","type":"post","link":"https:\/\/acrj.org.br\/index.php\/2023\/04\/10\/acrj-e-sistema-fecomercio-rj-promovem-debate-sobre-o-centro-do-rio\/","title":{"rendered":"ACRJ e Sistema Fecom\u00e9rcio RJ promovem debate sobre o Centro do Rio"},"content":{"rendered":"\n<p>A Associa\u00e7\u00e3o Comercial do Rio de Janeiro e o Sistema Fecom\u00e9rcio RJ, atrav\u00e9s do Senac RJ, realizam, dia 19 de abril, \u00e0s 12h, o debate \u201cRetomada e revitaliza\u00e7\u00e3o do Centro da Cidade do Rio de Janeiro\u201d. O encontro acontecer\u00e1 na sede da ACRJ, na Rua Candel\u00e1ria 9.<\/p>\n\n\n\n<p>O evento ter\u00e1 como debatedores, o presidente em exerc\u00edcio da ACRJ, Daniel Homem de Carvalho; o desembargador do TRE-RJ, Henrique Carlos de Andrade Figueira; o diretor do Senac RJ, S\u00e9rgio Ribeiro; e a consultora Jur\u00eddica do Sistema Fecom\u00e9rcio RJ, Jacqueline Lippi.<\/p>\n\n\n\n<p>O evento ser\u00e1 mediado pelo jornalista Sidney Rezende.<\/p>\n\n\n\n<p>Os interessados em participar, entrar em contato pelos telefones 2514-1206 \/ 1280.<\/p>\n\n\n\n<p><\/p>\n","protected":false},"excerpt":{"rendered":"<p>A Associa\u00e7\u00e3o Comercial do Rio de Janeiro e o Sistema Fecom\u00e9rcio RJ, atrav\u00e9s do Senac RJ, realizam, dia 19 de abril, \u00e0s 12h, o debate&hellip;<\/p>\n","protected":false},"author":3,"featured_media":15756,"comment_status":"closed","ping_status":"closed","sticky":false,"template":"","format":"standard","meta":{"_exactmetrics_skip_tracking":false,"_exactmetrics_sitenote_active":false,"_exactmetrics_sitenote_note":"","_exactmetrics_sitenote_category":0,"footnotes":""},"categories":[6],"tags":[],"class_list":["post-15704","post","type-post","status-publish","format-standard","has-post-thumbnail","hentry","category-destaque_noticias"],"_links":{"self":[{"href":"https:\/\/acrj.org.br\/index.php\/wp-json\/wp\/v2\/posts\/15704","targetHints":{"allow":["GET"]}}],"collection":[{"href":"https:\/\/acrj.org.br\/index.php\/wp-json\/wp\/v2\/posts"}],"about":[{"href":"https:\/\/acrj.org.br\/index.php\/wp-json\/wp\/v2\/types\/post"}],"author":[{"embeddable":true,"href":"https:\/\/acrj.org.br\/index.php\/wp-json\/wp\/v2\/users\/3"}],"replies":[{"embeddable":true,"href":"https:\/\/acrj.org.br\/index.php\/wp-json\/wp\/v2\/comments?post=15704"}],"version-history":[{"count":0,"href":"https:\/\/acrj.org.br\/index.php\/wp-json\/wp\/v2\/posts\/15704\/revisions"}],"wp:featuredmedia":[{"embeddable":true,"href":"https:\/\/acrj.org.br\/index.php\/wp-json\/wp\/v2\/media\/15756"}],"wp:attachment":[{"href":"https:\/\/acrj.org.br\/index.php\/wp-json\/wp\/v2\/media?parent=15704"}],"wp:term":[{"taxonomy":"category","embeddable":true,"href":"https:\/\/acrj.org.br\/index.php\/wp-json\/wp\/v2\/categories?post=15704"},{"taxonomy":"post_tag","embeddable":true,"href":"https:\/\/acrj.org.br\/index.php\/wp-json\/wp\/v2\/tags?post=15704"}],"curies":[{"name":"wp","href":"https:\/\/api.w.org\/{rel}","templated":true}]}}