{"id":15698,"date":"2023-04-14T14:33:00","date_gmt":"2023-04-14T17:33:00","guid":{"rendered":"https:\/\/acrj.org.br\/?p=15698"},"modified":"2023-04-19T16:27:05","modified_gmt":"2023-04-19T19:27:05","slug":"acrj-recebera-a-medalha-exercito-brasileiro","status":"publish","type":"post","link":"https:\/\/acrj.org.br\/index.php\/2023\/04\/14\/acrj-recebera-a-medalha-exercito-brasileiro\/","title":{"rendered":"ACRJ receber\u00e1 a Medalha Ex\u00e9rcito Brasileiro"},"content":{"rendered":"\n<p>A Associa\u00e7\u00e3o Comercial do Rio de Janeiro (ACRJ), representada pelo presidente Daniel Homem de Carvalho, receber\u00e1 no dia 19 de abril, a Medalha Ex\u00e9rcito Brasileiro. A honraria \u00e9 designada aos cidad\u00e3os e institui\u00e7\u00f5es civis que tenham praticado a\u00e7\u00e3o destacada ou servi\u00e7o relevante em prol do interesse e do bom nome do Ex\u00e9rcito Brasileiro. A solenidade comemorativa ao Dia do Ex\u00e9rcito, acontecer\u00e1 no Pal\u00e1cio Duque de Caxias, no Centro do Rio.<\/p>\n","protected":false},"excerpt":{"rendered":"<p>A Associa\u00e7\u00e3o Comercial do Rio de Janeiro (ACRJ), representada pelo presidente Daniel Homem de Carvalho, receber\u00e1 no dia 19 de abril, a Medalha Ex\u00e9rcito Brasileiro.&hellip;<\/p>\n","protected":false},"author":3,"featured_media":15701,"comment_status":"closed","ping_status":"closed","sticky":false,"template":"","format":"standard","meta":{"_exactmetrics_skip_tracking":false,"_exactmetrics_sitenote_active":false,"_exactmetrics_sitenote_note":"","_exactmetrics_sitenote_category":0,"footnotes":""},"categories":[10],"tags":[],"class_list":["post-15698","post","type-post","status-publish","format-standard","has-post-thumbnail","hentry","category-noticias"],"_links":{"self":[{"href":"https:\/\/acrj.org.br\/index.php\/wp-json\/wp\/v2\/posts\/15698","targetHints":{"allow":["GET"]}}],"collection":[{"href":"https:\/\/acrj.org.br\/index.php\/wp-json\/wp\/v2\/posts"}],"about":[{"href":"https:\/\/acrj.org.br\/index.php\/wp-json\/wp\/v2\/types\/post"}],"author":[{"embeddable":true,"href":"https:\/\/acrj.org.br\/index.php\/wp-json\/wp\/v2\/users\/3"}],"replies":[{"embeddable":true,"href":"https:\/\/acrj.org.br\/index.php\/wp-json\/wp\/v2\/comments?post=15698"}],"version-history":[{"count":0,"href":"https:\/\/acrj.org.br\/index.php\/wp-json\/wp\/v2\/posts\/15698\/revisions"}],"wp:featuredmedia":[{"embeddable":true,"href":"https:\/\/acrj.org.br\/index.php\/wp-json\/wp\/v2\/media\/15701"}],"wp:attachment":[{"href":"https:\/\/acrj.org.br\/index.php\/wp-json\/wp\/v2\/media?parent=15698"}],"wp:term":[{"taxonomy":"category","embeddable":true,"href":"https:\/\/acrj.org.br\/index.php\/wp-json\/wp\/v2\/categories?post=15698"},{"taxonomy":"post_tag","embeddable":true,"href":"https:\/\/acrj.org.br\/index.php\/wp-json\/wp\/v2\/tags?post=15698"}],"curies":[{"name":"wp","href":"https:\/\/api.w.org\/{rel}","templated":true}]}}