{"id":15629,"date":"2023-04-11T10:45:00","date_gmt":"2023-04-11T13:45:00","guid":{"rendered":"https:\/\/acrj.org.br\/?p=15629"},"modified":"2023-04-12T16:51:52","modified_gmt":"2023-04-12T19:51:52","slug":"debate-na-acrj-vai-gerar-documento-sobre-a-importancia-da-energia-nuclear-para-o-brasil-2","status":"publish","type":"post","link":"https:\/\/acrj.org.br\/index.php\/2023\/04\/11\/debate-na-acrj-vai-gerar-documento-sobre-a-importancia-da-energia-nuclear-para-o-brasil-2\/","title":{"rendered":"Debate na ACRJ vai gerar documento sobre a import\u00e2ncia da energia nuclear para o Brasil"},"content":{"rendered":"\n<p>A energia nuclear foi tema de um debate promovido pelo Conselho Empresarial de Energia da ACRJ, nesta segunda-feira (10\/4). Com a presen\u00e7a do deputado Federal J\u00falio Lopes e do vice-presidente da Associa\u00e7\u00e3o Brasileira de Energia Nuclear (ABEN), Andr\u00e9 Luiz Os\u00f3rio, como debatedores, o encontro ainda reuniu o membro do Conselho de Energia da ACRJ e presidente da ABEN, John Forman, e a presidente do Conselho, Joisa Dutra. O evento foi aberto pela vice-presidente dos Conselhos Empresariais da ACRJ, Irini Tsouroutsoglou.<\/p>\n\n\n\n<p>Os participantes informaram que ser\u00e1 produzido um documento sobre o setor, as potencialidades da energia nuclear e sua import\u00e2ncia estrat\u00e9gica para o Brasil. A inten\u00e7\u00e3o \u00e9 levar este documento ao comandante da Marinha, Almirante de Esquadra Marcos Sampaio Olsen, para que possa estar na pauta de a\u00e7\u00f5es priorit\u00e1rias da Marinha, assim como o uso do Centro Industrial Nuclear de Aramar, no interior de S\u00e3o Paulo. Este centro \u00e9 a base do Programa Nuclear da Marinha do Brasil. O presidente em exerc\u00edcio, Daniel Homem de Carvalho, adiantou ao deputado que vai enviar uma carta solicitando uma audi\u00eancia ao comandante para tratar deste assunto.<\/p>\n\n\n\n<p>O deputado J\u00falio Lopes anunciou a instala\u00e7\u00e3o da Frente Parlamentar sobre o tema, que conta com a participa\u00e7\u00e3o de 204 deputados e 134 senadores. \u201cO que significa que o Congresso Nacional despertou para esta quest\u00e3o, atrav\u00e9s da nossa iniciativa, porque percebemos a oportunidade de crescimento do Rio de Janeiro neste setor. \u00c9 uma oportunidade \u00fanica. Aqui no estado est\u00e1 o maior contrato em vig\u00eancia, que \u00e9 justamente o de Angra 3, como mencionado aqui, no valor de R$ 21 bilh\u00f5es\u201d, afirmou.<\/p>\n\n\n\n<p>Joisa Dutra acrescentou que o Conselho de Energia &#8220;far\u00e1 o dever de casa&#8221; e dar\u00e1 sua contribui\u00e7\u00e3o com informa\u00e7\u00f5es e um planejamento que poder\u00e1 servir de subs\u00eddio para futuras a\u00e7\u00f5es para alavancar este setor.<\/p>\n\n\n\n<p>O vice da ABEN, Andr\u00e9 Os\u00f3rio, que tamb\u00e9m faz parte da EPE (Empresa de Pesquisas Energ\u00e9ticas do Governo Federal), fez uma apresenta\u00e7\u00e3o sobre a import\u00e2ncia da usina de Angra 3 para o estado do Rio de Janeiro. Ele mostrou os aspectos competitivos desta fonte nuclear na matriz el\u00e9trica nacional e ressaltou que \u201cAngra 3 \u00e9 o maior empreendimento do Brasil hoje na \u00e1rea energ\u00e9tica, com quase R$ 21 bilh\u00f5es de investimento\u201d. Os\u00f3rio disse ainda que o Brasil possui a 6\u00aa maior reserva do mundo, mas a participa\u00e7\u00e3o das usinas de Angra 1 e 2 na matriz nacional equivale a cerca de 2%.<\/p>\n\n\n\n<p>O debate na \u00edntegra est\u00e1 dispon\u00edvel no Canal ACRJ Divulga no YouTube. <strong><a href=\"https:\/\/www.youtube.com\/live\/s8UYgL17kgw?feature=share\">Acesse aqui<\/a><\/strong><\/p>\n\n\n\n<figure class=\"wp-block-image size-full is-resized\"><img fetchpriority=\"high\" decoding=\"async\" src=\"https:\/\/acrj.org.br\/wp-content\/uploads\/2023\/04\/site1.jpeg\" alt=\"\" class=\"wp-image-15635\" width=\"415\" height=\"277\" srcset=\"https:\/\/acrj.org.br\/wp-content\/uploads\/2023\/04\/site1.jpeg 1024w, https:\/\/acrj.org.br\/wp-content\/uploads\/2023\/04\/site1-600x401.jpeg 600w, https:\/\/acrj.org.br\/wp-content\/uploads\/2023\/04\/site1-300x200.jpeg 300w, https:\/\/acrj.org.br\/wp-content\/uploads\/2023\/04\/site1-768x513.jpeg 768w\" sizes=\"(max-width: 415px) 100vw, 415px\" \/><figcaption class=\"wp-element-caption\">Andr\u00e9 Os\u00f3rio, Irini Tsouroutsoglou, J\u00falio Lopes, Joisa <br>Dutra e John Forman<\/figcaption><\/figure>\n","protected":false},"excerpt":{"rendered":"<p>A energia nuclear foi tema de um debate promovido pelo Conselho Empresarial de Energia da ACRJ, nesta segunda-feira (10\/4). Com a presen\u00e7a do deputado Federal&hellip;<\/p>\n","protected":false},"author":3,"featured_media":15610,"comment_status":"closed","ping_status":"closed","sticky":false,"template":"","format":"standard","meta":{"_exactmetrics_skip_tracking":false,"_exactmetrics_sitenote_active":false,"_exactmetrics_sitenote_note":"","_exactmetrics_sitenote_category":0,"footnotes":""},"categories":[10],"tags":[],"class_list":["post-15629","post","type-post","status-publish","format-standard","has-post-thumbnail","hentry","category-noticias"],"_links":{"self":[{"href":"https:\/\/acrj.org.br\/index.php\/wp-json\/wp\/v2\/posts\/15629","targetHints":{"allow":["GET"]}}],"collection":[{"href":"https:\/\/acrj.org.br\/index.php\/wp-json\/wp\/v2\/posts"}],"about":[{"href":"https:\/\/acrj.org.br\/index.php\/wp-json\/wp\/v2\/types\/post"}],"author":[{"embeddable":true,"href":"https:\/\/acrj.org.br\/index.php\/wp-json\/wp\/v2\/users\/3"}],"replies":[{"embeddable":true,"href":"https:\/\/acrj.org.br\/index.php\/wp-json\/wp\/v2\/comments?post=15629"}],"version-history":[{"count":0,"href":"https:\/\/acrj.org.br\/index.php\/wp-json\/wp\/v2\/posts\/15629\/revisions"}],"wp:featuredmedia":[{"embeddable":true,"href":"https:\/\/acrj.org.br\/index.php\/wp-json\/wp\/v2\/media\/15610"}],"wp:attachment":[{"href":"https:\/\/acrj.org.br\/index.php\/wp-json\/wp\/v2\/media?parent=15629"}],"wp:term":[{"taxonomy":"category","embeddable":true,"href":"https:\/\/acrj.org.br\/index.php\/wp-json\/wp\/v2\/categories?post=15629"},{"taxonomy":"post_tag","embeddable":true,"href":"https:\/\/acrj.org.br\/index.php\/wp-json\/wp\/v2\/tags?post=15629"}],"curies":[{"name":"wp","href":"https:\/\/api.w.org\/{rel}","templated":true}]}}