{"id":15616,"date":"2023-04-10T17:59:38","date_gmt":"2023-04-10T20:59:38","guid":{"rendered":"https:\/\/acrj.org.br\/?p=15616"},"modified":"2023-04-10T18:02:04","modified_gmt":"2023-04-10T21:02:04","slug":"debate-sobre-inteligencia-artificial","status":"publish","type":"post","link":"https:\/\/acrj.org.br\/index.php\/2023\/04\/10\/debate-sobre-inteligencia-artificial\/","title":{"rendered":"Debate sobre Intelig\u00eancia Artificial"},"content":{"rendered":"\n<p>O professor da FGV e consultor, Marcelo Almeida Magalh\u00e3es, \u00e9 o convidado dos Conselhos Empresarial de Inova\u00e7\u00e3o, Comunica\u00e7\u00e3o e Tecnologia e de Educa\u00e7\u00e3o para o debate sobre Intelig\u00eancia Artificial.<\/p>\n\n\n\n<p>O evento ser\u00e1 realizado nesta 3\u00aa feira, dia 11 de abril, \u00e0s 14h. \u00c9 gratuito e ser\u00e1 transmitido pelo aplicativo Zoom. Inscreva-se <strong><a href=\"https:\/\/us06web.zoom.us\/j\/82344205149?pwd=citQOVF5VEllUzBrSmc5K1gxWXpUdz09\">aqui<\/a><\/strong><\/p>\n","protected":false},"excerpt":{"rendered":"<p>O professor da FGV e consultor, Marcelo Almeida Magalh\u00e3es, \u00e9 o convidado dos Conselhos Empresarial de Inova\u00e7\u00e3o, Comunica\u00e7\u00e3o e Tecnologia e de Educa\u00e7\u00e3o para o&hellip;<\/p>\n","protected":false},"author":3,"featured_media":15617,"comment_status":"closed","ping_status":"closed","sticky":false,"template":"","format":"standard","meta":{"_exactmetrics_skip_tracking":false,"_exactmetrics_sitenote_active":false,"_exactmetrics_sitenote_note":"","_exactmetrics_sitenote_category":0,"footnotes":""},"categories":[10],"tags":[],"class_list":["post-15616","post","type-post","status-publish","format-standard","has-post-thumbnail","hentry","category-noticias"],"_links":{"self":[{"href":"https:\/\/acrj.org.br\/index.php\/wp-json\/wp\/v2\/posts\/15616","targetHints":{"allow":["GET"]}}],"collection":[{"href":"https:\/\/acrj.org.br\/index.php\/wp-json\/wp\/v2\/posts"}],"about":[{"href":"https:\/\/acrj.org.br\/index.php\/wp-json\/wp\/v2\/types\/post"}],"author":[{"embeddable":true,"href":"https:\/\/acrj.org.br\/index.php\/wp-json\/wp\/v2\/users\/3"}],"replies":[{"embeddable":true,"href":"https:\/\/acrj.org.br\/index.php\/wp-json\/wp\/v2\/comments?post=15616"}],"version-history":[{"count":0,"href":"https:\/\/acrj.org.br\/index.php\/wp-json\/wp\/v2\/posts\/15616\/revisions"}],"wp:featuredmedia":[{"embeddable":true,"href":"https:\/\/acrj.org.br\/index.php\/wp-json\/wp\/v2\/media\/15617"}],"wp:attachment":[{"href":"https:\/\/acrj.org.br\/index.php\/wp-json\/wp\/v2\/media?parent=15616"}],"wp:term":[{"taxonomy":"category","embeddable":true,"href":"https:\/\/acrj.org.br\/index.php\/wp-json\/wp\/v2\/categories?post=15616"},{"taxonomy":"post_tag","embeddable":true,"href":"https:\/\/acrj.org.br\/index.php\/wp-json\/wp\/v2\/tags?post=15616"}],"curies":[{"name":"wp","href":"https:\/\/api.w.org\/{rel}","templated":true}]}}