{"id":15593,"date":"2023-04-11T13:53:00","date_gmt":"2023-04-11T16:53:00","guid":{"rendered":"https:\/\/acrj.org.br\/?p=15593"},"modified":"2023-04-10T13:56:40","modified_gmt":"2023-04-10T16:56:40","slug":"acrj-promove-debate-sobre-agenda-positiva-de-governanca","status":"publish","type":"post","link":"https:\/\/acrj.org.br\/index.php\/2023\/04\/11\/acrj-promove-debate-sobre-agenda-positiva-de-governanca\/","title":{"rendered":"ACRJ promove debate sobre \u201cAgenda Positiva de Governan\u00e7a\u201d"},"content":{"rendered":"\n<p>Nesta 6a feira, dia 14\/4, \u00e0s 10h, o Conselho Empresarial de Governan\u00e7a, Compliance e Diversidade da\u00a0<strong>ACRJ<\/strong>\u00a0promove, o semin\u00e1rio \u201cAgenda Positiva de Governan\u00e7a\u201d. O evento ser\u00e1 coordenado pelo presidente do Conselho, Humberto Mota Filho, e vai debater governan\u00e7a florestal, compliance banc\u00e1rio, LGPD e corrup\u00e7\u00e3o empresarial e administra\u00e7\u00e3o p\u00fablica.<\/p>\n\n\n\n<p>Contar\u00e1 com a participa\u00e7\u00e3o da presidente da AMIF, Adriana, Maugeri; do procurador da Fazenda Nacional, Andr\u00e9 Martinez; do diretor de tecnologia da Tavtec, Theon\u00e1cio Lima J\u00fanior; e do procurador do Estado, Victor Aguiar de Carvalho.<\/p>\n\n\n\n<p><strong>O semin\u00e1rio \u00e9 gratuito<\/strong>\u00a0e ser\u00e1 transmitido pela plataforma Zoom.<a href=\"https:\/\/us06web.zoom.us\/meeting\/register\/tZYrcu2upzgjE93RwBYeKe5OBbVbOucUNyFy%20#\/registration\">\u00a0<strong>Inscri\u00e7\u00f5es aqui<\/strong><\/a><\/p>\n\n\n\n<p>Informa\u00e7\u00f5es pelo telefone: 2514-1203<\/p>\n","protected":false},"excerpt":{"rendered":"<p>Nesta 6a feira, dia 14\/4, \u00e0s 10h, o Conselho Empresarial de Governan\u00e7a, Compliance e Diversidade da\u00a0ACRJ\u00a0promove, o semin\u00e1rio \u201cAgenda Positiva de Governan\u00e7a\u201d. O evento ser\u00e1&hellip;<\/p>\n","protected":false},"author":3,"featured_media":15482,"comment_status":"closed","ping_status":"open","sticky":false,"template":"","format":"standard","meta":{"_exactmetrics_skip_tracking":false,"_exactmetrics_sitenote_active":false,"_exactmetrics_sitenote_note":"","_exactmetrics_sitenote_category":0,"footnotes":""},"categories":[10],"tags":[],"class_list":["post-15593","post","type-post","status-publish","format-standard","has-post-thumbnail","hentry","category-noticias"],"_links":{"self":[{"href":"https:\/\/acrj.org.br\/index.php\/wp-json\/wp\/v2\/posts\/15593","targetHints":{"allow":["GET"]}}],"collection":[{"href":"https:\/\/acrj.org.br\/index.php\/wp-json\/wp\/v2\/posts"}],"about":[{"href":"https:\/\/acrj.org.br\/index.php\/wp-json\/wp\/v2\/types\/post"}],"author":[{"embeddable":true,"href":"https:\/\/acrj.org.br\/index.php\/wp-json\/wp\/v2\/users\/3"}],"replies":[{"embeddable":true,"href":"https:\/\/acrj.org.br\/index.php\/wp-json\/wp\/v2\/comments?post=15593"}],"version-history":[{"count":0,"href":"https:\/\/acrj.org.br\/index.php\/wp-json\/wp\/v2\/posts\/15593\/revisions"}],"wp:featuredmedia":[{"embeddable":true,"href":"https:\/\/acrj.org.br\/index.php\/wp-json\/wp\/v2\/media\/15482"}],"wp:attachment":[{"href":"https:\/\/acrj.org.br\/index.php\/wp-json\/wp\/v2\/media?parent=15593"}],"wp:term":[{"taxonomy":"category","embeddable":true,"href":"https:\/\/acrj.org.br\/index.php\/wp-json\/wp\/v2\/categories?post=15593"},{"taxonomy":"post_tag","embeddable":true,"href":"https:\/\/acrj.org.br\/index.php\/wp-json\/wp\/v2\/tags?post=15593"}],"curies":[{"name":"wp","href":"https:\/\/api.w.org\/{rel}","templated":true}]}}