{"id":15507,"date":"2023-04-05T15:56:01","date_gmt":"2023-04-05T18:56:01","guid":{"rendered":"https:\/\/acrj.org.br\/?p=15507"},"modified":"2023-04-07T15:08:38","modified_gmt":"2023-04-07T18:08:38","slug":"os-desafios-da-cultura-nos-municipios-fluminenses-e-pauta-na-acrj","status":"publish","type":"post","link":"https:\/\/acrj.org.br\/index.php\/2023\/04\/05\/os-desafios-da-cultura-nos-municipios-fluminenses-e-pauta-na-acrj\/","title":{"rendered":"Especialistas debatem os desafios da cultura nos munic\u00edpios fluminenses"},"content":{"rendered":"\n<p>Os desafios da cultura e as perspectivas nos munic\u00edpios ser\u00e3o tema de debate promovido pela <strong>ACRJ<\/strong>, atrav\u00e9s de seu Conselho Empresarial de Assuntos Culturais, dia 12 de abril, \u00e0s 10h. O presidente em exerc\u00edcio da ACRJ, Daniel Homem de Carvalho, abre o encontro, que ter\u00e1 como debatedores os secret\u00e1rios municipais de Cultura de Niter\u00f3i, J\u00falia Pacheco, de Maric\u00e1, Sady Bianchin, o ex-secret\u00e1rio do Rio, Marcus Faustini; e o presidente da Comiss\u00e3o Permanente de Cultura da C\u00e2mara Municipal do Rio, Edson Santos.<\/p>\n\n\n\n<p>Este \u00e9 o primeiro de uma s\u00e9rie de encontros com a finalidade de debater as experi\u00eancias de gest\u00e3o cultural nos munic\u00edpios, no Estado e no Pa\u00eds. Tamb\u00e9m ser\u00e3o discutidos os planos dos governos frente \u00e0s demandas da popula\u00e7\u00e3o e a real situa\u00e7\u00e3o do setor diante do or\u00e7amento, dos recursos humanos e da capacidade de execu\u00e7\u00e3o, explica o presidente Conselho, Douglas Fasolato, que ser\u00e1 o moderador do evento. O encontro tamb\u00e9m contar\u00e1 com a participa\u00e7\u00e3o da vice-presidente dos Conselhos Empresariais, Irini Tsouroutsoglou.<\/p>\n\n\n\n<p>O evento \u00e9 gratuito e ser\u00e1 realizado na sede da ACRJ \u2013 Rua Candel\u00e1ria, 9\/12\u00ba andar. <strong><a href=\"https:\/\/docs.google.com\/forms\/d\/e\/1FAIpQLSfl0zJ1s6rrwOoTYgEksXj1sxjQITIvZHjuPav2s_ATTBIh6A\/viewform\">Inscri\u00e7\u00f5es aqui<\/a><\/strong><\/p>\n\n\n\n<p>Informa\u00e7\u00f5es: 2514-1203.<\/p>\n\n\n\n<figure class=\"wp-block-image size-large is-resized\"><img fetchpriority=\"high\" decoding=\"async\" src=\"https:\/\/acrj.org.br\/wp-content\/uploads\/2023\/04\/seminario_cultura_12_abr-603x1024.jpeg\" alt=\"\" class=\"wp-image-15508\" width=\"321\" height=\"545\" srcset=\"https:\/\/acrj.org.br\/wp-content\/uploads\/2023\/04\/seminario_cultura_12_abr-603x1024.jpeg 603w, https:\/\/acrj.org.br\/wp-content\/uploads\/2023\/04\/seminario_cultura_12_abr-600x1019.jpeg 600w, https:\/\/acrj.org.br\/wp-content\/uploads\/2023\/04\/seminario_cultura_12_abr-177x300.jpeg 177w, https:\/\/acrj.org.br\/wp-content\/uploads\/2023\/04\/seminario_cultura_12_abr-768x1304.jpeg 768w, https:\/\/acrj.org.br\/wp-content\/uploads\/2023\/04\/seminario_cultura_12_abr-904x1536.jpeg 904w, https:\/\/acrj.org.br\/wp-content\/uploads\/2023\/04\/seminario_cultura_12_abr.jpeg 942w\" sizes=\"(max-width: 321px) 100vw, 321px\" \/><\/figure>\n","protected":false},"excerpt":{"rendered":"<p>Os desafios da cultura e as perspectivas nos munic\u00edpios ser\u00e3o tema de debate promovido pela ACRJ, atrav\u00e9s de seu Conselho Empresarial de Assuntos Culturais, dia&hellip;<\/p>\n","protected":false},"author":3,"featured_media":15583,"comment_status":"closed","ping_status":"closed","sticky":false,"template":"","format":"standard","meta":{"_exactmetrics_skip_tracking":false,"_exactmetrics_sitenote_active":false,"_exactmetrics_sitenote_note":"","_exactmetrics_sitenote_category":0,"footnotes":""},"categories":[10],"tags":[],"class_list":["post-15507","post","type-post","status-publish","format-standard","has-post-thumbnail","hentry","category-noticias"],"_links":{"self":[{"href":"https:\/\/acrj.org.br\/index.php\/wp-json\/wp\/v2\/posts\/15507","targetHints":{"allow":["GET"]}}],"collection":[{"href":"https:\/\/acrj.org.br\/index.php\/wp-json\/wp\/v2\/posts"}],"about":[{"href":"https:\/\/acrj.org.br\/index.php\/wp-json\/wp\/v2\/types\/post"}],"author":[{"embeddable":true,"href":"https:\/\/acrj.org.br\/index.php\/wp-json\/wp\/v2\/users\/3"}],"replies":[{"embeddable":true,"href":"https:\/\/acrj.org.br\/index.php\/wp-json\/wp\/v2\/comments?post=15507"}],"version-history":[{"count":0,"href":"https:\/\/acrj.org.br\/index.php\/wp-json\/wp\/v2\/posts\/15507\/revisions"}],"wp:featuredmedia":[{"embeddable":true,"href":"https:\/\/acrj.org.br\/index.php\/wp-json\/wp\/v2\/media\/15583"}],"wp:attachment":[{"href":"https:\/\/acrj.org.br\/index.php\/wp-json\/wp\/v2\/media?parent=15507"}],"wp:term":[{"taxonomy":"category","embeddable":true,"href":"https:\/\/acrj.org.br\/index.php\/wp-json\/wp\/v2\/categories?post=15507"},{"taxonomy":"post_tag","embeddable":true,"href":"https:\/\/acrj.org.br\/index.php\/wp-json\/wp\/v2\/tags?post=15507"}],"curies":[{"name":"wp","href":"https:\/\/api.w.org\/{rel}","templated":true}]}}