{"id":15487,"date":"2023-04-05T10:49:39","date_gmt":"2023-04-05T13:49:39","guid":{"rendered":"https:\/\/acrj.org.br\/?p=15487"},"modified":"2023-04-14T14:53:31","modified_gmt":"2023-04-14T17:53:31","slug":"profissionais-de-varias-areas-debatem-comunicacao-e-lideranca-na-acrj","status":"publish","type":"post","link":"https:\/\/acrj.org.br\/index.php\/2023\/04\/05\/profissionais-de-varias-areas-debatem-comunicacao-e-lideranca-na-acrj\/","title":{"rendered":"Profissionais de v\u00e1rias \u00e1reas participam de encontro sobre comunica\u00e7\u00e3o e lideran\u00e7a na ACRJ"},"content":{"rendered":"\n<p>A vice-presidente do Conselho Empresarial de Inova\u00e7\u00e3o, Comunica\u00e7\u00e3o e Tecnologia da ACRJ, Maria Torres, abriu a mesa-redonda realizada dia 31 de mar\u00e7o sobre Comunica\u00e7\u00e3o e Lideran\u00e7a. O evento encerrou o m\u00eas em que se comemora o Dia Internacional da Mulher. Participaram a CEO da Elas Editora, Alice Loures; a jornalista Juliane Guzzoni; a delegada titular da DEAM (Delegacia de Atendimento \u00e0 Mulher de Duque de Caxias), Fernanda Fernandes; e a consultora de Gente &amp; Gest\u00e3o, Viviane Peba.<\/p>\n\n\n\n<p>Em sua apresenta\u00e7\u00e3o \u201cComunicar \u00e9 um bom neg\u00f3cio\u201d, a jornalista Juliane Guzzoni defendeu a comunica\u00e7\u00e3o como uma das principais ferramentas de lideran\u00e7a que muitos profissionais ainda n\u00e3o sabem como us\u00e1-la. Segundo ela, as pesquisas mostram, no geral, que de cada 10 pessoas, oito apresentam alguma dificuldade de se expressar em p\u00fablico. \u201cLembrando que falar em p\u00fablico n\u00e3o importa se \u00e9 para uma grande plateia ou para um grupo menor, significa interagir. Por isso tento mostrar como usar esta habilidade que todos n\u00f3s carregamos e s\u00f3 precisamos desenvolver\u201d, explicou. &nbsp;<\/p>\n\n\n\n<p>A delegada Fernanda Fernandes abordou a quest\u00e3o do direito de voz das mulheres que sofrem viol\u00eancia dom\u00e9stica. \u201cA comunica\u00e7\u00e3o do ponto de vista do direito de ser escutada, de ser ouvida. Como mulher, m\u00e3e e delegada que atende v\u00edtimas de viol\u00eancia familiar, digo que as mulheres n\u00e3o t\u00eam voz\u201d, afirmou. Ela lembrou que o Brasil \u00e9 o quinto pa\u00eds onde mais se mata mulheres e citou a Lei Maria da Penha, que foi fruto de um movimento feminista e da condena\u00e7\u00e3o internacional do Brasil pelo caso da Maria da Penha. \u201cE esta lei \u00e9 considerada pela ONU a terceira melhor do mundo\u201d.<\/p>\n\n\n\n<p>A consultora Viviane Peba falou sobre comportamento e a forma como nos comunicamos com o mundo. Ela mostrou o poder que as mulheres possuem de transformar o mundo, destacando a import\u00e2ncia na educa\u00e7\u00e3o das novas gera\u00e7\u00f5es. Encerrando as apresenta\u00e7\u00f5es, Alice Loures destacou o projeto Alou Mulheres, uma rede de mulheres empreendedoras criada por ela e que oferece capacita\u00e7\u00e3o, oficinas e muita informa\u00e7\u00e3o para as mulheres empreenderem e prosperarem em seus neg\u00f3cios.<\/p>\n\n\n\n<p>O evento na \u00edntegra est\u00e1 dispon\u00edvel no Canal ACRJ Divulga no YouTube. <a href=\"https:\/\/youtu.be\/7HAojJzW2Bo\"><strong>Acesse aqui<\/strong><\/a><\/p>\n","protected":false},"excerpt":{"rendered":"<p>A vice-presidente do Conselho Empresarial de Inova\u00e7\u00e3o, Comunica\u00e7\u00e3o e Tecnologia da ACRJ, Maria Torres, abriu a mesa-redonda realizada dia 31 de mar\u00e7o sobre Comunica\u00e7\u00e3o e&hellip;<\/p>\n","protected":false},"author":3,"featured_media":15488,"comment_status":"closed","ping_status":"closed","sticky":false,"template":"","format":"standard","meta":{"_exactmetrics_skip_tracking":false,"_exactmetrics_sitenote_active":false,"_exactmetrics_sitenote_note":"","_exactmetrics_sitenote_category":0,"footnotes":""},"categories":[10],"tags":[],"class_list":["post-15487","post","type-post","status-publish","format-standard","has-post-thumbnail","hentry","category-noticias"],"_links":{"self":[{"href":"https:\/\/acrj.org.br\/index.php\/wp-json\/wp\/v2\/posts\/15487","targetHints":{"allow":["GET"]}}],"collection":[{"href":"https:\/\/acrj.org.br\/index.php\/wp-json\/wp\/v2\/posts"}],"about":[{"href":"https:\/\/acrj.org.br\/index.php\/wp-json\/wp\/v2\/types\/post"}],"author":[{"embeddable":true,"href":"https:\/\/acrj.org.br\/index.php\/wp-json\/wp\/v2\/users\/3"}],"replies":[{"embeddable":true,"href":"https:\/\/acrj.org.br\/index.php\/wp-json\/wp\/v2\/comments?post=15487"}],"version-history":[{"count":0,"href":"https:\/\/acrj.org.br\/index.php\/wp-json\/wp\/v2\/posts\/15487\/revisions"}],"wp:featuredmedia":[{"embeddable":true,"href":"https:\/\/acrj.org.br\/index.php\/wp-json\/wp\/v2\/media\/15488"}],"wp:attachment":[{"href":"https:\/\/acrj.org.br\/index.php\/wp-json\/wp\/v2\/media?parent=15487"}],"wp:term":[{"taxonomy":"category","embeddable":true,"href":"https:\/\/acrj.org.br\/index.php\/wp-json\/wp\/v2\/categories?post=15487"},{"taxonomy":"post_tag","embeddable":true,"href":"https:\/\/acrj.org.br\/index.php\/wp-json\/wp\/v2\/tags?post=15487"}],"curies":[{"name":"wp","href":"https:\/\/api.w.org\/{rel}","templated":true}]}}