{"id":15480,"date":"2023-04-05T11:56:00","date_gmt":"2023-04-05T14:56:00","guid":{"rendered":"https:\/\/acrj.org.br\/?p=15480"},"modified":"2023-04-10T13:57:06","modified_gmt":"2023-04-10T16:57:06","slug":"agenda-positiva-de-governanca-e-tema-de-seminario-na-acrj","status":"publish","type":"post","link":"https:\/\/acrj.org.br\/index.php\/2023\/04\/05\/agenda-positiva-de-governanca-e-tema-de-seminario-na-acrj\/","title":{"rendered":"\u201cAgenda Positiva de Governan\u00e7a\u201d \u00e9 tema de semin\u00e1rio na ACRJ"},"content":{"rendered":"\n<p>O Conselho Empresarial de Governan\u00e7a, Compliance e Diversidade da <strong>ACRJ<\/strong> promove, dia 14\/4, \u00e0s 10h, o semin\u00e1rio &#8220;Agenda Positiva de Governan\u00e7a&#8221;. O evento ser\u00e1 coordenado pelo presidente do Conselho, Humberto Mota Filho, e vai debater governan\u00e7a florestal, compliance banc\u00e1rio, LGPD e corrup\u00e7\u00e3o empresarial e administra\u00e7\u00e3o p\u00fablica. <\/p>\n\n\n\n<p>Contar\u00e1 com a participa\u00e7\u00e3o da presidente da AMIF, Adriana, Maugeri; do procurador da Fazenda Nacional, Andr\u00e9 Martinez; do diretor de tecnologia da Tavtec, Theon\u00e1cio Lima J\u00fanior; e do procurador do Estado, Victor Aguiar de Carvalho.<\/p>\n\n\n\n<p><strong>O semin\u00e1rio \u00e9 gratuito<\/strong> e ser\u00e1 transmitido pela plataforma Zoom. <strong><a href=\"http:\/\/\u201cAgenda Positiva de Governan\u00e7a\u201d \u00e9 tema de semin\u00e1rio na ACRJ\">Inscri\u00e7\u00f5es aqui<\/a><\/strong><\/p>\n\n\n\n<p>Informa\u00e7\u00f5es pelo telefone: 2514-1203<\/p>\n","protected":false},"excerpt":{"rendered":"<p>O Conselho Empresarial de Governan\u00e7a, Compliance e Diversidade da ACRJ promove, dia 14\/4, \u00e0s 10h, o semin\u00e1rio &#8220;Agenda Positiva de Governan\u00e7a&#8221;. O evento ser\u00e1 coordenado&hellip;<\/p>\n","protected":false},"author":3,"featured_media":15482,"comment_status":"closed","ping_status":"closed","sticky":false,"template":"","format":"standard","meta":{"_exactmetrics_skip_tracking":false,"_exactmetrics_sitenote_active":false,"_exactmetrics_sitenote_note":"","_exactmetrics_sitenote_category":0,"footnotes":""},"categories":[10],"tags":[],"class_list":["post-15480","post","type-post","status-publish","format-standard","has-post-thumbnail","hentry","category-noticias"],"_links":{"self":[{"href":"https:\/\/acrj.org.br\/index.php\/wp-json\/wp\/v2\/posts\/15480","targetHints":{"allow":["GET"]}}],"collection":[{"href":"https:\/\/acrj.org.br\/index.php\/wp-json\/wp\/v2\/posts"}],"about":[{"href":"https:\/\/acrj.org.br\/index.php\/wp-json\/wp\/v2\/types\/post"}],"author":[{"embeddable":true,"href":"https:\/\/acrj.org.br\/index.php\/wp-json\/wp\/v2\/users\/3"}],"replies":[{"embeddable":true,"href":"https:\/\/acrj.org.br\/index.php\/wp-json\/wp\/v2\/comments?post=15480"}],"version-history":[{"count":0,"href":"https:\/\/acrj.org.br\/index.php\/wp-json\/wp\/v2\/posts\/15480\/revisions"}],"wp:featuredmedia":[{"embeddable":true,"href":"https:\/\/acrj.org.br\/index.php\/wp-json\/wp\/v2\/media\/15482"}],"wp:attachment":[{"href":"https:\/\/acrj.org.br\/index.php\/wp-json\/wp\/v2\/media?parent=15480"}],"wp:term":[{"taxonomy":"category","embeddable":true,"href":"https:\/\/acrj.org.br\/index.php\/wp-json\/wp\/v2\/categories?post=15480"},{"taxonomy":"post_tag","embeddable":true,"href":"https:\/\/acrj.org.br\/index.php\/wp-json\/wp\/v2\/tags?post=15480"}],"curies":[{"name":"wp","href":"https:\/\/api.w.org\/{rel}","templated":true}]}}