{"id":15473,"date":"2023-04-03T09:10:00","date_gmt":"2023-04-03T12:10:00","guid":{"rendered":"https:\/\/acrj.org.br\/?p=15473"},"modified":"2023-04-07T18:56:48","modified_gmt":"2023-04-07T21:56:48","slug":"https-acrj-org-br-index-php-2023-04-03-acrj-promove-mesa-redonda-sobre-energia-nuclear","status":"publish","type":"post","link":"https:\/\/acrj.org.br\/index.php\/2023\/04\/03\/https-acrj-org-br-index-php-2023-04-03-acrj-promove-mesa-redonda-sobre-energia-nuclear\/","title":{"rendered":"ACRJ promove mesa-redonda sobre energia nuclear"},"content":{"rendered":"\n<p>A Associa\u00e7\u00e3o Comercial do Rio de Janeiro (ACRJ), atrav\u00e9s de seu Conselho Empresarial de Energia, promover\u00e1, dia 10\/4, \u00e0s 14h, a mesa-redonda \u201cA Import\u00e2ncia da Energia Nuclear para o Rio de Janeiro\u201d. O evento reunir\u00e1 o deputado federal J\u00falio Lopes e o vice-presidente da Associa\u00e7\u00e3o Brasileira de Energia Nuclear (ABEN), Andr\u00e9 Luiz Os\u00f3rio, como debatedores. O moderador ser\u00e1 o membro do Conselho de Energia da ACRJ e presidente da ABEN, John Forman.<\/p>\n\n\n\n<p>Tamb\u00e9m participam do evento a presidente do Conselho Empresarial de Energia da ACRJ, Joisa Dutra (introdu\u00e7\u00e3o), e a vice-presidente dos Conselhos Empresariais da ACRJ, Irini Tsouroutsoglou (boas-vindas).<\/p>\n\n\n\n<p>A mesa-redonda ser\u00e1 realizada na sede da ACRJ \u2013 Rua Candel\u00e1ria 9\/12\u00ba andar. O evento \u00e9 gratuito, para participar <strong><a href=\"https:\/\/docs.google.com\/forms\/d\/e\/1FAIpQLSfmXqKkJauV4izeCH_2ViWKSg9L2WlmWA7tMEqTWrQrzgBNxA\/viewform\">inscreva-se aqui<\/a><\/strong><\/p>\n\n\n\n<p>Informa\u00e7\u00f5es pelo telefone: 2514-1203<\/p>\n","protected":false},"excerpt":{"rendered":"<p>A Associa\u00e7\u00e3o Comercial do Rio de Janeiro (ACRJ), atrav\u00e9s de seu Conselho Empresarial de Energia, promover\u00e1, dia 10\/4, \u00e0s 14h, a mesa-redonda \u201cA Import\u00e2ncia da&hellip;<\/p>\n","protected":false},"author":3,"featured_media":15578,"comment_status":"closed","ping_status":"closed","sticky":false,"template":"","format":"standard","meta":{"_exactmetrics_skip_tracking":false,"_exactmetrics_sitenote_active":false,"_exactmetrics_sitenote_note":"","_exactmetrics_sitenote_category":0,"footnotes":""},"categories":[10],"tags":[],"class_list":["post-15473","post","type-post","status-publish","format-standard","has-post-thumbnail","hentry","category-noticias"],"_links":{"self":[{"href":"https:\/\/acrj.org.br\/index.php\/wp-json\/wp\/v2\/posts\/15473","targetHints":{"allow":["GET"]}}],"collection":[{"href":"https:\/\/acrj.org.br\/index.php\/wp-json\/wp\/v2\/posts"}],"about":[{"href":"https:\/\/acrj.org.br\/index.php\/wp-json\/wp\/v2\/types\/post"}],"author":[{"embeddable":true,"href":"https:\/\/acrj.org.br\/index.php\/wp-json\/wp\/v2\/users\/3"}],"replies":[{"embeddable":true,"href":"https:\/\/acrj.org.br\/index.php\/wp-json\/wp\/v2\/comments?post=15473"}],"version-history":[{"count":0,"href":"https:\/\/acrj.org.br\/index.php\/wp-json\/wp\/v2\/posts\/15473\/revisions"}],"wp:featuredmedia":[{"embeddable":true,"href":"https:\/\/acrj.org.br\/index.php\/wp-json\/wp\/v2\/media\/15578"}],"wp:attachment":[{"href":"https:\/\/acrj.org.br\/index.php\/wp-json\/wp\/v2\/media?parent=15473"}],"wp:term":[{"taxonomy":"category","embeddable":true,"href":"https:\/\/acrj.org.br\/index.php\/wp-json\/wp\/v2\/categories?post=15473"},{"taxonomy":"post_tag","embeddable":true,"href":"https:\/\/acrj.org.br\/index.php\/wp-json\/wp\/v2\/tags?post=15473"}],"curies":[{"name":"wp","href":"https:\/\/api.w.org\/{rel}","templated":true}]}}